{"id":21610,"date":"2023-05-13T16:15:30","date_gmt":"2023-05-13T19:15:30","guid":{"rendered":"https:\/\/chacosintesis.com.ar\/?p=21610"},"modified":"2023-05-13T16:36:42","modified_gmt":"2023-05-13T19:36:42","slug":"se-presento-en-el-chaco-la-plataforma-para-municipios-y-sus-capacitaciones-para-la-gestion-local","status":"publish","type":"post","link":"https:\/\/chacosintesis.com.ar\/index.php\/se-presento-en-el-chaco-la-plataforma-para-municipios-y-sus-capacitaciones-para-la-gestion-local\/","title":{"rendered":"Se present\u00f3 en el Chaco la Plataforma para Municipios y sus capacitaciones para la gesti\u00f3n local"},"content":{"rendered":"<p>Esta propuesta del Ministerio de Interior de la Naci\u00f3n prev\u00e9 formaci\u00f3n en \u00e1reas de planificaci\u00f3n estrat\u00e9gica en los municipios. Se busca profesionalizar la tarea de la gobernanza.<br \/>\nEsta ma\u00f1ana en el Sal\u00f3n de Acuerdos Manuel Obligado, el gobernador Jorge Capitanich y la vicegobernadora Anal\u00eda Rach Quiroga encabezaron el acto de presentaci\u00f3n de la plataforma para municipios y sus cursos, en el marco de la Jornada Federal para la Gesti\u00f3n Local.  Acompa\u00f1aron a los funcionarios el subsecretario de Relaciones Municipales, Pablo Giles, junto a las directoras Sof\u00eda Castellano y Mariana Alcoba.<br \/>\n\u201cPara que nuestro pueblo siga confiando en nosotros, tenemos que trabajar mucho m\u00e1s porque mientras mayor es el respaldo popular, mayor es el compromiso que tenemos para no defraudar las expectativas, la voluntad, o el tiempo de nuestro pueblo\u201d, dijo el mandatario. Y a\u00f1adi\u00f3: \u201cEs trascendente el dise\u00f1o de pol\u00edticas p\u00fablicas en virtud de la planificaci\u00f3n para el desarrollo, gesti\u00f3n p\u00fablica de calidad, agenda digital y profesionalizaci\u00f3n con el objetivo de lograr la potenciaci\u00f3n de la econom\u00eda social y popular\u201d.<br \/>\nLa propuesta del Ministerio del Interior de la Naci\u00f3n es capacitar a la gobernanza y los agentes municipales para formular, dise\u00f1ar y adoptar pol\u00edticas, programas y proyectos que garanticen el fortalecimiento institucional, el desarrollo integral y la autonom\u00eda territorial de los gobiernos locales. En este \u00e1mbito a partir del trabajo articulado entre la Subsecretar\u00eda de Relaciones Municipales y la provincia del Chaco, se propone consolidar un espacio de formaci\u00f3n y capacitaci\u00f3n para los gobiernos locales brindando herramientas pol\u00edticas, conceptuales, metodol\u00f3gicas y t\u00e9cnicas para fortalecer las gestiones locales, promoviendo el desarrollo integral y la autonom\u00eda territorial.<br \/>\nLa formaci\u00f3n<br \/>\nLa Plataforma para Municipios ofrecer\u00e1 capacitaciones en:<br \/>\nIntroducci\u00f3n a la planificaci\u00f3n estrat\u00e9gica para gobiernos locales: este curso presenta los principales aspectos sobre planificaci\u00f3n estrat\u00e9gica participativa e introduce herramientas metodol\u00f3gicas para el dise\u00f1o de planes y pol\u00edticas p\u00fablicas en \u00e1mbitos locales con miras a fortalecer las capacidades de acci\u00f3n e intervenci\u00f3n de los gobiernos locales.<br \/>\nIntroducci\u00f3n a la formulaci\u00f3n de proyectos para gobiernos locales: taller que brinda a los gobiernos locales argentinos instrumentos e informaci\u00f3n para contribuir a las estrategias de planificaci\u00f3n en base a la formulaci\u00f3n de proyectos en favor del desarrollo local. Esta capacitaci\u00f3n presenta herramientas te\u00f3rico pr\u00e1cticas para la formulaci\u00f3n y el dise\u00f1o de proyectos.<br \/>\nJornadas Geoportal Federal para la gesti\u00f3n local: formaci\u00f3n orientada a fortalecer capacidades de planificaci\u00f3n territorial de los gobiernos locales, a partir de la herramienta Geoportal Federal Para La Gesti\u00f3n Local, recientemente lanzada. P\u00fablico destinatario: preferentemente equipos t\u00e9cnicos municipales de \u00e1reas de Planificaci\u00f3n, Catastro, Ambiente, Urbanismo y \u00c1reas SIG. No es excluyente para otras \u00e1reas afines. No se precisan conocimientos previos en Sistemas de Informaci\u00f3n Geogr\u00e1fica. El taller est\u00e1 orientado a introducir a los equipos en el uso de los mismos.<\/p>\n","protected":false},"excerpt":{"rendered":"<p>Esta propuesta del Ministerio de Interior de la Naci\u00f3n prev\u00e9 formaci\u00f3n en \u00e1reas de planificaci\u00f3n estrat\u00e9gica en los municipios. Se busca profesionalizar la tarea de la gobernanza. Esta ma\u00f1ana en el Sal\u00f3n de Acuerdos Manuel Obligado, el gobernador Jorge Capitanich y la vicegobernadora Anal\u00eda Rach Quiroga encabezaron el acto de presentaci\u00f3n de la plataforma para [&hellip;]<\/p>\n","protected":false},"author":1,"featured_media":21611,"comment_status":"closed","ping_status":"closed","sticky":false,"template":"","format":"standard","meta":{"footnotes":""},"categories":[6],"tags":[],"class_list":{"0":"post-21610","1":"post","2":"type-post","3":"status-publish","4":"format-standard","5":"has-post-thumbnail","7":"category-chaco"},"_links":{"self":[{"href":"https:\/\/chacosintesis.com.ar\/index.php\/wp-json\/wp\/v2\/posts\/21610","targetHints":{"allow":["GET"]}}],"collection":[{"href":"https:\/\/chacosintesis.com.ar\/index.php\/wp-json\/wp\/v2\/posts"}],"about":[{"href":"https:\/\/chacosintesis.com.ar\/index.php\/wp-json\/wp\/v2\/types\/post"}],"author":[{"embeddable":true,"href":"https:\/\/chacosintesis.com.ar\/index.php\/wp-json\/wp\/v2\/users\/1"}],"replies":[{"embeddable":true,"href":"https:\/\/chacosintesis.com.ar\/index.php\/wp-json\/wp\/v2\/comments?post=21610"}],"version-history":[{"count":0,"href":"https:\/\/chacosintesis.com.ar\/index.php\/wp-json\/wp\/v2\/posts\/21610\/revisions"}],"wp:featuredmedia":[{"embeddable":true,"href":"https:\/\/chacosintesis.com.ar\/index.php\/wp-json\/wp\/v2\/media\/21611"}],"wp:attachment":[{"href":"https:\/\/chacosintesis.com.ar\/index.php\/wp-json\/wp\/v2\/media?parent=21610"}],"wp:term":[{"taxonomy":"category","embeddable":true,"href":"https:\/\/chacosintesis.com.ar\/index.php\/wp-json\/wp\/v2\/categories?post=21610"},{"taxonomy":"post_tag","embeddable":true,"href":"https:\/\/chacosintesis.com.ar\/index.php\/wp-json\/wp\/v2\/tags?post=21610"}],"curies":[{"name":"wp","href":"https:\/\/api.w.org\/{rel}","templated":true}]}}