{"id":21608,"date":"2023-05-13T16:13:55","date_gmt":"2023-05-13T19:13:55","guid":{"rendered":"https:\/\/chacosintesis.com.ar\/?p=21608"},"modified":"2023-05-13T16:36:41","modified_gmt":"2023-05-13T19:36:41","slug":"nuevas-instalaciones-del-taller-textil-las-mil-impresiones-una-muestra-del-apoyo-del-gobierno-provincial-a-la-generacion-de-empleo","status":"publish","type":"post","link":"https:\/\/chacosintesis.com.ar\/index.php\/nuevas-instalaciones-del-taller-textil-las-mil-impresiones-una-muestra-del-apoyo-del-gobierno-provincial-a-la-generacion-de-empleo\/","title":{"rendered":"Nuevas instalaciones del taller textil Las Mil Impresiones: una muestra del apoyo del Gobierno Provincial a la generaci\u00f3n de empleo"},"content":{"rendered":"<p>Emplea 30 personas y confecciona hasta 250 prendas diarias. El financiamiento estatal le permiti\u00f3 contar con nueva planta para su expansi\u00f3n.<br \/>\nEl gobernador Jorge Capitanich acompa\u00f1\u00f3 este s\u00e1bado la inauguraci\u00f3n de un nuevo sal\u00f3n de costura para el taller textil \u201cLas Mil Impresiones\u201d, en la localidad de Fontana. \u201cTenemos una estrategia para el desarrollo de la econom\u00eda popular y social, considerando que Chaco cuenta con cerca de 15.000 emprendedores con distintas estrategias de financiamiento\u201d, destac\u00f3 el mandatario.<br \/>\nCon una inversi\u00f3n de $12.000.000 financiados por el Instituto Agricultura Familiar y Econom\u00eda Popular (IAFEP), el emprendimiento confecciona entre 200 a 250 prendas por d\u00eda, generando empleo genuino para unas 30 personas y es coordinado por la Fundaci\u00f3n Innovando Futuro.<br \/>\nEl mandatario se refiri\u00f3 a la importancia de la econom\u00eda textil y su fortalecimiento mediante la inversi\u00f3n en infraestructura y equipamiento con el objetivo de ampliar la capacidad productiva y crear m\u00e1s puestos de trabajo. \u201cA esto debemos sumarte la econom\u00eda del cuidado y la econom\u00eda del oficio, como as\u00ed tambi\u00e9n el desarrollo que hacemos de la econom\u00eda de la alimentaci\u00f3n\u201d, indic\u00f3 y subray\u00f3 que \u201cla pobreza se combate con dedicaci\u00f3n, esfuerzo y cultura del trabajo\u201d.<br \/>\nAcompa\u00f1aron al gobernador Jorge Capitanich la ministra de Desarrollo Social, Mar\u00eda Pia Chiacchio Cavana, el presidente de la IAFEP, Mauricio Andi\u00f3n y el senador nacional, Antonio Rodas.<br \/>\nLa ministra Chiacchio Cavana destac\u00f3 que \u201cla intenci\u00f3n es poder triplicar la capacidad productiva del taller. Vamos a seguir llev\u00e1ndolo adelante para que se generen m\u00e1s puestos de empleo en la industria textil\u201d.<br \/>\nPor su parte, una de las trabajadoras del taller, Karen Benitez Claps destac\u00f3 que el objetivo compartido es ampliar la producci\u00f3n y seguir capacitando a las y los trabajadores. \u201cTenemos cinco talleres distribuidos entre Fontana y Resistencia con aproximadamente 30 personas trabajando y nuestra idea siempre es seguir generando m\u00e1s puestos de trabajo para nuestros compa\u00f1eros\u201d, indic\u00f3.<br \/>\n\u201cEstamos agradecidos con el gobernador por la oportunidad y la ayuda que nos brind\u00f3 tanto el gobierno provincial como el municipal que estuvieron siempre acompa\u00f1ando al taller y de la mano de la fundaci\u00f3n tenemos la idea de ayudar a muchos compa\u00f1eros para que puedan capacitarse y tener una salida laboral\u201d, concluy\u00f3.<\/p>\n","protected":false},"excerpt":{"rendered":"<p>Emplea 30 personas y confecciona hasta 250 prendas diarias. El financiamiento estatal le permiti\u00f3 contar con nueva planta para su expansi\u00f3n. El gobernador Jorge Capitanich acompa\u00f1\u00f3 este s\u00e1bado la inauguraci\u00f3n de un nuevo sal\u00f3n de costura para el taller textil \u201cLas Mil Impresiones\u201d, en la localidad de Fontana. \u201cTenemos una estrategia para el desarrollo de [&hellip;]<\/p>\n","protected":false},"author":1,"featured_media":21609,"comment_status":"closed","ping_status":"closed","sticky":false,"template":"","format":"standard","meta":{"footnotes":""},"categories":[6],"tags":[],"class_list":{"0":"post-21608","1":"post","2":"type-post","3":"status-publish","4":"format-standard","5":"has-post-thumbnail","7":"category-chaco"},"_links":{"self":[{"href":"https:\/\/chacosintesis.com.ar\/index.php\/wp-json\/wp\/v2\/posts\/21608","targetHints":{"allow":["GET"]}}],"collection":[{"href":"https:\/\/chacosintesis.com.ar\/index.php\/wp-json\/wp\/v2\/posts"}],"about":[{"href":"https:\/\/chacosintesis.com.ar\/index.php\/wp-json\/wp\/v2\/types\/post"}],"author":[{"embeddable":true,"href":"https:\/\/chacosintesis.com.ar\/index.php\/wp-json\/wp\/v2\/users\/1"}],"replies":[{"embeddable":true,"href":"https:\/\/chacosintesis.com.ar\/index.php\/wp-json\/wp\/v2\/comments?post=21608"}],"version-history":[{"count":0,"href":"https:\/\/chacosintesis.com.ar\/index.php\/wp-json\/wp\/v2\/posts\/21608\/revisions"}],"wp:featuredmedia":[{"embeddable":true,"href":"https:\/\/chacosintesis.com.ar\/index.php\/wp-json\/wp\/v2\/media\/21609"}],"wp:attachment":[{"href":"https:\/\/chacosintesis.com.ar\/index.php\/wp-json\/wp\/v2\/media?parent=21608"}],"wp:term":[{"taxonomy":"category","embeddable":true,"href":"https:\/\/chacosintesis.com.ar\/index.php\/wp-json\/wp\/v2\/categories?post=21608"},{"taxonomy":"post_tag","embeddable":true,"href":"https:\/\/chacosintesis.com.ar\/index.php\/wp-json\/wp\/v2\/tags?post=21608"}],"curies":[{"name":"wp","href":"https:\/\/api.w.org\/{rel}","templated":true}]}}