{"id":21606,"date":"2023-05-13T16:12:32","date_gmt":"2023-05-13T19:12:32","guid":{"rendered":"https:\/\/chacosintesis.com.ar\/?p=21606"},"modified":"2023-05-13T16:36:40","modified_gmt":"2023-05-13T19:36:40","slug":"el-centro-educativo-y-terapeutico-de-atencion-integral-cumplio-10-anos-de-servicio-a-la-comunidad","status":"publish","type":"post","link":"https:\/\/chacosintesis.com.ar\/index.php\/el-centro-educativo-y-terapeutico-de-atencion-integral-cumplio-10-anos-de-servicio-a-la-comunidad\/","title":{"rendered":"El Centro Educativo y Terape\u00fatico de Atenci\u00f3n Integral cumpli\u00f3 10 a\u00f1os de servicio a la comunidad"},"content":{"rendered":"<p>La instituci\u00f3n contiene a 85 beb\u00e9s, ni\u00f1as y ni\u00f1os que acceden a servicios de educaci\u00f3n maternal y pre primaria. Adem\u00e1s brindan integraci\u00f3n escolar, prestaciones de apoyo en fonoaudiolog\u00eda, psicolog\u00eda, y psicopedagog\u00eda.<br \/>\nEl gobernador Jorge Capitanich particip\u00f3 esta ma\u00f1ana del acto por el 10\u00b0 aniversario del Centro Educativo y Terap\u00e9utico de Atenci\u00f3n Integral (Cetai). La instituci\u00f3n cuenta con una matr\u00edcula de 85 beb\u00e9s, ni\u00f1as y ni\u00f1os que reciben atenci\u00f3n integral por parte de 24 trabajadores especializados. \u201cEsta es una gran contribuci\u00f3n que se hace desde la sensibilidad, el amor al pr\u00f3jimo y la capacidad para transformar la calidad de vida de las personas\u201d, valor\u00f3 el mandatario.<br \/>\nLa instituci\u00f3n ofrece servicios de educaci\u00f3n maternal y pre primaria, integraci\u00f3n escolar, prestaciones de apoyo en fonoaudiolog\u00eda, psicolog\u00eda, y psicopedagog\u00eda. Surgi\u00f3 debido a la necesidad de contar con un espacio para que beb\u00e9s, ni\u00f1as y ni\u00f1os de la provincia con p\u00e9rdidas auditivas puedan recibir asistencia, acompa\u00f1amiento y estimulaci\u00f3n temprana para su desarrollo integral.<br \/>\nEn ese sentido, Capitanich explic\u00f3 que las unidades educativas de gesti\u00f3n privada son financiadas por el sector p\u00fablico \u201ces muy importante su personal docente para garantizar un brazo extendido del Estado y establecer un mecanismo de cooperaci\u00f3n para llegar a la mayor cantidad de hogares posible\u201d.<br \/>\nEstimulaci\u00f3n para el desarrollo<br \/>\nEn la escuela se implementa la metodolog\u00eda auditiva verbal, donde el objetivo es utilizar recursos y estrategias para el desarrollo de la comunicaci\u00f3n oral, teniendo en cuenta las habilidades auditivas, cognitivas y del lenguaje, de acuerdo a las caracter\u00edsticas de cada ni\u00f1a o ni\u00f1o, donde se busca lograr la adquisici\u00f3n de la lengua oral de manera significativa, mediante el desarrollo de diferentes actividades.<br \/>\nCapitanich explic\u00f3 la importancia de que en Cetai se busque permanentemente herramientas brindando oportunidades para estimular el desarrollo del lenguaje. \u201cDebemos agradecer el gran trabajo de las y los profesionales en psicolog\u00eda, psicopedagog\u00eda, fonoaudiolog\u00eda y todo tipo de personal especializado que permite recuperar el sentido auditivo\u201d, indic\u00f3.<br \/>\nPor su parte, la fundadora de la instituci\u00f3n, Valeria Jantus se\u00f1al\u00f3 que la instituci\u00f3n \u201ces un sue\u00f1o realizado\u201d. \u201cEra un gran desaf\u00edo porque entend\u00eda que las familias deb\u00edan desmembrarse para poder viajar a rehabilitar a los ni\u00f1os en forma oral y Cetai es la primera escuela oral en la provincia para rehabilitar ni\u00f1os con hipoacusias severas o profundas\u201d, relat\u00f3.<br \/>\nPor otro lado, agradeci\u00f3 poder contar con la participaci\u00f3n del gobernador. \u201cSiempre estuvo presente en la instituci\u00f3n cada vez que lo necesitamos, tanto en edificaci\u00f3n como para que muchos chicos puedan contar con implantes cocleares que a veces son muy caros\u201d, explic\u00f3 y agreg\u00f3 \u201cnuestra visi\u00f3n como educadores es la de tener una participaci\u00f3n activa en la planificaci\u00f3n de actividades que estimulen y alienten a nuestros alumnos en el desarrollo de sus capacidades\u201d.<br \/>\nAcompa\u00f1aron al gobernador, el director general de la Educaci\u00f3n P\u00fablica de gesti\u00f3n privada, Enrique Dambra; el presidente del Instituto Provincial para la Inclusi\u00f3n de Personas con Discapacidad, Jos\u00e9 Lorenzo; la supervisora del Nivel Inicial de Educaci\u00f3n Privada, Anal\u00eda Sclippa, la supervisora de Nivel Primario de Educaci\u00f3n Privada, Silvia Gonzalez; la directora general de Educaci\u00f3n Especial, M\u00f3nica Dom\u00ednguez y el concejal de la municipalidad de resistencia, Dino Ortiz Melgratti.<\/p>\n","protected":false},"excerpt":{"rendered":"<p>La instituci\u00f3n contiene a 85 beb\u00e9s, ni\u00f1as y ni\u00f1os que acceden a servicios de educaci\u00f3n maternal y pre primaria. Adem\u00e1s brindan integraci\u00f3n escolar, prestaciones de apoyo en fonoaudiolog\u00eda, psicolog\u00eda, y psicopedagog\u00eda. El gobernador Jorge Capitanich particip\u00f3 esta ma\u00f1ana del acto por el 10\u00b0 aniversario del Centro Educativo y Terap\u00e9utico de Atenci\u00f3n Integral (Cetai). La instituci\u00f3n [&hellip;]<\/p>\n","protected":false},"author":1,"featured_media":21607,"comment_status":"closed","ping_status":"closed","sticky":false,"template":"","format":"standard","meta":{"footnotes":""},"categories":[6],"tags":[],"class_list":{"0":"post-21606","1":"post","2":"type-post","3":"status-publish","4":"format-standard","5":"has-post-thumbnail","7":"category-chaco"},"_links":{"self":[{"href":"https:\/\/chacosintesis.com.ar\/index.php\/wp-json\/wp\/v2\/posts\/21606","targetHints":{"allow":["GET"]}}],"collection":[{"href":"https:\/\/chacosintesis.com.ar\/index.php\/wp-json\/wp\/v2\/posts"}],"about":[{"href":"https:\/\/chacosintesis.com.ar\/index.php\/wp-json\/wp\/v2\/types\/post"}],"author":[{"embeddable":true,"href":"https:\/\/chacosintesis.com.ar\/index.php\/wp-json\/wp\/v2\/users\/1"}],"replies":[{"embeddable":true,"href":"https:\/\/chacosintesis.com.ar\/index.php\/wp-json\/wp\/v2\/comments?post=21606"}],"version-history":[{"count":0,"href":"https:\/\/chacosintesis.com.ar\/index.php\/wp-json\/wp\/v2\/posts\/21606\/revisions"}],"wp:featuredmedia":[{"embeddable":true,"href":"https:\/\/chacosintesis.com.ar\/index.php\/wp-json\/wp\/v2\/media\/21607"}],"wp:attachment":[{"href":"https:\/\/chacosintesis.com.ar\/index.php\/wp-json\/wp\/v2\/media?parent=21606"}],"wp:term":[{"taxonomy":"category","embeddable":true,"href":"https:\/\/chacosintesis.com.ar\/index.php\/wp-json\/wp\/v2\/categories?post=21606"},{"taxonomy":"post_tag","embeddable":true,"href":"https:\/\/chacosintesis.com.ar\/index.php\/wp-json\/wp\/v2\/tags?post=21606"}],"curies":[{"name":"wp","href":"https:\/\/api.w.org\/{rel}","templated":true}]}}