{"id":21604,"date":"2023-05-13T16:10:43","date_gmt":"2023-05-13T19:10:43","guid":{"rendered":"https:\/\/chacosintesis.com.ar\/?p=21604"},"modified":"2023-05-13T16:36:39","modified_gmt":"2023-05-13T19:36:39","slug":"inspectores-provinciales-se-capacitaron-para-el-control-de-precios-justos","status":"publish","type":"post","link":"https:\/\/chacosintesis.com.ar\/index.php\/inspectores-provinciales-se-capacitaron-para-el-control-de-precios-justos\/","title":{"rendered":"Inspectores provinciales se capacitaron para el control de Precios Justos"},"content":{"rendered":"<p>La propuesta formativa incluy\u00f3 una parte te\u00f3rica y otra pr\u00e1ctica en locales de grandes cadenas de supermercados. La formaci\u00f3n cont\u00f3 con el acompa\u00f1amiento de t\u00e9cnicos nacionales.<br \/>\nEl cuerpo de inspectores de la Direcci\u00f3n Provincial de Defensa al Consumidor complet\u00f3 un esquema de capacitaci\u00f3n en fiscalizaci\u00f3n de precios directa con t\u00e9cnicos de la Secretar\u00eda de Comercio de la Naci\u00f3n. La actividad tuvo lugar el viernes e incluy\u00f3 una recorrida y monitoreo de precios en supermercados de Resistencia en el marco de la agenda conjunta entre los gobiernos provincial y nacional.<br \/>\nEn paralelo, se llev\u00f3 adelante en Resistencia la reuni\u00f3n del Consejo Federal de Consumo (Cofec), instancia que cont\u00f3 con la participaci\u00f3n del ministro de Producci\u00f3n, Industria y Empleo, Sebasti\u00e1n Lifton; el secretario de Comercio de la Naci\u00f3n, Mat\u00edas Tombolini; y funcionarios de todas las provincias.<br \/>\n\u201cNuestros equipos provinciales y de distintos municipios, al igual que algunas asociaciones civiles, se han capacitado en lo que es fiscalizaci\u00f3n del programa Precios Justos, sumando herramientas para resguardar los derechos de las y los consumidores\u201d, explic\u00f3 la subsecretaria de Comercio Exterior y Defensa de la Competencia, Ludmila Voloj.<br \/>\nLa propuesta formativa incluy\u00f3 una parte te\u00f3rica y otra pr\u00e1ctica que se llev\u00f3 adelante en locales de grandes cadenas de supermercados a los cuales los inspectores provinciales asistieron acompa\u00f1ados de los t\u00e9cnicos nacionales. \u201cSe trat\u00f3 de una capacitaci\u00f3n muy espec\u00edfica en lo que respecta a fiscalizaci\u00f3n y monitoreo de la evoluci\u00f3n de los precios\u201d, remarc\u00f3 Voloj.<br \/>\nLa iniciativa de formaci\u00f3n se bas\u00f3 en dos grandes aspectos: el procedimiento de fiscalizaci\u00f3n en s\u00ed; y las herramientas para el monitoreo en tiempo real en las las bocas de venta al p\u00fablico.<br \/>\nLa capacitaci\u00f3n es parte del acuerdo que firmaron el gobernador Jorge Capitanich y Tombolini para fortalecer en la provincia las acciones de seguimiento de Precios Justos en las grandes cadenas de supermercados. \u201cConsideramos fundamental ya que, como autoridad de aplicaci\u00f3n, este convenio viene a fortalecer la aplicaci\u00f3n en las multas y sanciones en el marco de la Ley de Abastecimiento, la Ley de Defensa al Consumidor (24.240)\u201d, indic\u00f3 la funcionaria.<br \/>\nReuni\u00f3n del Cofec<br \/>\nEl Chaco fue sede este viernes de la primera reuni\u00f3n del Cofec, que es el \u00e1mbito -recientemente creado por resoluci\u00f3n del gobierno nacional- que nuclea a las autoridades de aplicaci\u00f3n de las \u00e1reas de Comercio Interior y Exterior de Naci\u00f3n y de cada una de las provincias del pa\u00eds.<br \/>\n\u201cHay que destacar la importancia de que la Provincia del Chaco haya sido elegida para que se realice aqu\u00ed esta primera sesi\u00f3n porque demuestra el car\u00e1cter federal que se pretende llevar adelante con lo que tiene que ver con pol\u00edticas de comercio interior y comercio exterior\u201d, sostuvo Voloj.<br \/>\nEl Cofec tiene entre sus funciones proyectar pol\u00edticas en materia de precios, abastecimiento, lealtad comercial, internacionalizaci\u00f3n, competencia desleal, publicidad, metrolog\u00eda legal y sus respectivas fiscalizaciones.<br \/>\nEste organismo tambi\u00e9n apunta a fijar criterios en cuanto a la aplicaci\u00f3n de pol\u00edticas p\u00fablicas relacionadas con el comercio, incluyendo propuestas de modificaci\u00f3n y\/o armonizaci\u00f3n de la normativa vigente en la materia tanto a nivel nacional, local y regional, procurando que su aplicaci\u00f3n sea homog\u00e9nea.<\/p>\n","protected":false},"excerpt":{"rendered":"<p>La propuesta formativa incluy\u00f3 una parte te\u00f3rica y otra pr\u00e1ctica en locales de grandes cadenas de supermercados. La formaci\u00f3n cont\u00f3 con el acompa\u00f1amiento de t\u00e9cnicos nacionales. El cuerpo de inspectores de la Direcci\u00f3n Provincial de Defensa al Consumidor complet\u00f3 un esquema de capacitaci\u00f3n en fiscalizaci\u00f3n de precios directa con t\u00e9cnicos de la Secretar\u00eda de Comercio [&hellip;]<\/p>\n","protected":false},"author":1,"featured_media":21605,"comment_status":"closed","ping_status":"closed","sticky":false,"template":"","format":"standard","meta":{"footnotes":""},"categories":[6],"tags":[],"class_list":{"0":"post-21604","1":"post","2":"type-post","3":"status-publish","4":"format-standard","5":"has-post-thumbnail","7":"category-chaco"},"_links":{"self":[{"href":"https:\/\/chacosintesis.com.ar\/index.php\/wp-json\/wp\/v2\/posts\/21604","targetHints":{"allow":["GET"]}}],"collection":[{"href":"https:\/\/chacosintesis.com.ar\/index.php\/wp-json\/wp\/v2\/posts"}],"about":[{"href":"https:\/\/chacosintesis.com.ar\/index.php\/wp-json\/wp\/v2\/types\/post"}],"author":[{"embeddable":true,"href":"https:\/\/chacosintesis.com.ar\/index.php\/wp-json\/wp\/v2\/users\/1"}],"replies":[{"embeddable":true,"href":"https:\/\/chacosintesis.com.ar\/index.php\/wp-json\/wp\/v2\/comments?post=21604"}],"version-history":[{"count":0,"href":"https:\/\/chacosintesis.com.ar\/index.php\/wp-json\/wp\/v2\/posts\/21604\/revisions"}],"wp:featuredmedia":[{"embeddable":true,"href":"https:\/\/chacosintesis.com.ar\/index.php\/wp-json\/wp\/v2\/media\/21605"}],"wp:attachment":[{"href":"https:\/\/chacosintesis.com.ar\/index.php\/wp-json\/wp\/v2\/media?parent=21604"}],"wp:term":[{"taxonomy":"category","embeddable":true,"href":"https:\/\/chacosintesis.com.ar\/index.php\/wp-json\/wp\/v2\/categories?post=21604"},{"taxonomy":"post_tag","embeddable":true,"href":"https:\/\/chacosintesis.com.ar\/index.php\/wp-json\/wp\/v2\/tags?post=21604"}],"curies":[{"name":"wp","href":"https:\/\/api.w.org\/{rel}","templated":true}]}}