{"id":21574,"date":"2023-05-12T17:26:06","date_gmt":"2023-05-12T20:26:06","guid":{"rendered":"https:\/\/chacosintesis.com.ar\/?p=21574"},"modified":"2023-05-12T17:38:05","modified_gmt":"2023-05-12T20:38:05","slug":"docentes-recibiran-creditos-a-tasa-cero-para-la-adquisicion-de-computadoras","status":"publish","type":"post","link":"https:\/\/chacosintesis.com.ar\/index.php\/docentes-recibiran-creditos-a-tasa-cero-para-la-adquisicion-de-computadoras\/","title":{"rendered":"Docentes recibir\u00e1n cr\u00e9ditos a tasa cero para la adquisici\u00f3n de computadoras"},"content":{"rendered":"<p>El gobernador Jorge Capitanich entregar\u00e1 tarjetas recargables a las y los beneficiarios a trav\u00e9s de las cuales podr\u00e1n comprar un dispositivo a elecci\u00f3n, en los comercios adheridos al programa provincial \u201cInclusi\u00f3n Digital Docente\u201d.<br \/>\nEl gobernador Jorge Capitanich entregar\u00e1, este s\u00e1bado a las 9.30 junto a la vicegobernadora Anal\u00eda Rach Quiroga, cr\u00e9ditos a beneficiarias y beneficiarios del programa Inclusi\u00f3n Digital Docente, que otorga un financiamiento a tasa cero para la adquisici\u00f3n de computadoras. Del acto en la Casa de las Culturas participar\u00e1n tambi\u00e9n los ministros Santiago P\u00e9rez Pons (Planificaci\u00f3n, Econom\u00eda e Infraestructura) y Aldo Lineras (Educaci\u00f3n).<br \/>\nEn la oportunidad se entregar\u00e1n tarjetas recargables con las cuales las y los docentes podr\u00e1n comprar un dispositivo a elecci\u00f3n en los comercios adheridos al programa. En esta oportunidad, se trata de profesionales de Resistencia, Fontana, Barranqueras, Puerto Tirol, Colonia Benitez y Margarita Bel\u00e9n.<br \/>\nEl programa destinado a docentes que se encuentren ejerciendo la profesi\u00f3n apunta a garantizar las herramientas necesarias para el \u00f3ptimo desarrollo de su tarea cotidiana. El Estado subsidia en un 100% el costo financiero del cr\u00e9dito que puede ser de hasta 350.000 pesos y con una financiaci\u00f3n en 12, 24 o 36 cuotas.<\/p>\n","protected":false},"excerpt":{"rendered":"<p>El gobernador Jorge Capitanich entregar\u00e1 tarjetas recargables a las y los beneficiarios a trav\u00e9s de las cuales podr\u00e1n comprar un dispositivo a elecci\u00f3n, en los comercios adheridos al programa provincial \u201cInclusi\u00f3n Digital Docente\u201d. El gobernador Jorge Capitanich entregar\u00e1, este s\u00e1bado a las 9.30 junto a la vicegobernadora Anal\u00eda Rach Quiroga, cr\u00e9ditos a beneficiarias y beneficiarios [&hellip;]<\/p>\n","protected":false},"author":1,"featured_media":21575,"comment_status":"closed","ping_status":"closed","sticky":false,"template":"","format":"standard","meta":{"footnotes":""},"categories":[6],"tags":[],"class_list":{"0":"post-21574","1":"post","2":"type-post","3":"status-publish","4":"format-standard","5":"has-post-thumbnail","7":"category-chaco"},"_links":{"self":[{"href":"https:\/\/chacosintesis.com.ar\/index.php\/wp-json\/wp\/v2\/posts\/21574","targetHints":{"allow":["GET"]}}],"collection":[{"href":"https:\/\/chacosintesis.com.ar\/index.php\/wp-json\/wp\/v2\/posts"}],"about":[{"href":"https:\/\/chacosintesis.com.ar\/index.php\/wp-json\/wp\/v2\/types\/post"}],"author":[{"embeddable":true,"href":"https:\/\/chacosintesis.com.ar\/index.php\/wp-json\/wp\/v2\/users\/1"}],"replies":[{"embeddable":true,"href":"https:\/\/chacosintesis.com.ar\/index.php\/wp-json\/wp\/v2\/comments?post=21574"}],"version-history":[{"count":0,"href":"https:\/\/chacosintesis.com.ar\/index.php\/wp-json\/wp\/v2\/posts\/21574\/revisions"}],"wp:featuredmedia":[{"embeddable":true,"href":"https:\/\/chacosintesis.com.ar\/index.php\/wp-json\/wp\/v2\/media\/21575"}],"wp:attachment":[{"href":"https:\/\/chacosintesis.com.ar\/index.php\/wp-json\/wp\/v2\/media?parent=21574"}],"wp:term":[{"taxonomy":"category","embeddable":true,"href":"https:\/\/chacosintesis.com.ar\/index.php\/wp-json\/wp\/v2\/categories?post=21574"},{"taxonomy":"post_tag","embeddable":true,"href":"https:\/\/chacosintesis.com.ar\/index.php\/wp-json\/wp\/v2\/tags?post=21574"}],"curies":[{"name":"wp","href":"https:\/\/api.w.org\/{rel}","templated":true}]}}