{"id":21568,"date":"2023-05-12T17:20:09","date_gmt":"2023-05-12T20:20:09","guid":{"rendered":"https:\/\/chacosintesis.com.ar\/?p=21568"},"modified":"2023-05-12T17:37:57","modified_gmt":"2023-05-12T20:37:57","slug":"la-defensoria-del-pueblo-plantea-la-nulidad-del-aumento-de-peajes-hasta-tanto-no-se-realice-la-audiencia-publica-correspondiente","status":"publish","type":"post","link":"https:\/\/chacosintesis.com.ar\/index.php\/la-defensoria-del-pueblo-plantea-la-nulidad-del-aumento-de-peajes-hasta-tanto-no-se-realice-la-audiencia-publica-correspondiente\/","title":{"rendered":"La Defensor\u00eda del Pueblo plantea la nulidad del aumento de peajes hasta tanto no se realice la audiencia p\u00fablica correspondiente"},"content":{"rendered":"<p>Desde la Defensor\u00eda del Pueblo del Chaco se plantea declarar la nulidad de los aumentos de tarifas en los peajes de Makall\u00e9 y el puente Chaco- Corrientes hasta tanto no se realice una audiencia p\u00fablica correspondiente que es la herramienta establecida para determinar  y discutir  aumentos de tarifas  en lo que se refiere a los servicios p\u00fablicos.<br \/>\nEl defensor del Pueblo del Chaco, Bernardo Voloj en declaraciones a Radio Provincia del Chaco coment\u00f3 las acciones realizadas y las limitaciones del organismo para intervenir sobre la cuesti\u00f3n.<br \/>\nVoloj se\u00f1al\u00f3 que la Defensor\u00eda del Pueblo , como la gran mayor\u00eda de los chaque\u00f1os y chaque\u00f1as,  se entera por portales informativos de que se iba a producir un aumento en dos tramos del peaje. De manera inmediata se realiza una petici\u00f3n tanto ante la empresa Corredores Viales SA como a la Direcci\u00f3n de Vialidad Nacional, para que no se efectivicen estos incrementos hasta tanto se produzca un proceso de audiencia p\u00fablica para que la ciudadan\u00eda pueda ser escuchada y se conozcan los fundamentos y motivos de la modificaci\u00f3n tarifaria.<br \/>\nVoloj agreg\u00f3 que por parte de los concesionarios y el ente vial nacional de se recibi\u00f3 la respuesta de que se habilitaba un registro en la p\u00e1gina web para que los usuarios pudieran hacer sus comentarios y aportes. En tanto &#8211; agrego &#8211; que  tambi\u00e9n se obtuvo una respuesta por parte de Vialidad Nacional, donde se planteaba que por cuestiones de log\u00edstica y tiempo no se pod\u00eda hacer una audiencia p\u00fablica y que los valores del incremento de los peajes correspondientes a las estaciones de peaje asentadas en la provincia del Chaco eran inferiores en relaci\u00f3n a las del resto del pa\u00eds.<br \/>\n\u201cNosotros   entendemos que  esta respuesta no es satisfactoria por lo siguiente:  primero, la audiencia p\u00fablica es la herramienta clave y es el paso que se tiene que dar al momento de discutir aumentos en lo que sea el servicio p\u00fablico, en este caso un servicio concesionado como es el peaje.  Tambi\u00e9n, consideramos que la opci\u00f3n de la p\u00e1gina web no se corresponde seg\u00fan lo establecido por el propio sistema de vialidad nacional.  Y segundo, porque independientemente de los valores que se quieran incrementar, es fundamental conocer c\u00f3mo va a ser el impacto de estos aumentos y cu\u00e1l es el plan de obra \u201c, dijo Voloj.<br \/>\nAnte esta situaci\u00f3n , reiter\u00f3 el Defensor del Pueblo, se va a plantear una declaraci\u00f3n de nulidad de los aumentos  hasta tanto se instrumente la audiencia p\u00fablica y  se garanticen las instancias necesarias de participaci\u00f3n ciudadana.<\/p>\n<p>Limitaciones para actuar por la v\u00eda judicial<br \/>\nVoloj tambi\u00e9n record\u00f3 la limitante que tiene la Defensor\u00eda del Pueblo para interponer un recurso v\u00eda legal o ante la Corte Suprema de Justicia de la Naci\u00f3n.<br \/>\n\u201cNosotros tenemos una gran limitante que la di\u00f3 la Corte Suprema de Justicia de la Naci\u00f3n,   en el 2018-19 cuando los defensores del pueblo de Chaco, Corrientes y Formosa hicieron una presentaci\u00f3n justamente por el aumento de peaje.  La corte con una decisi\u00f3n, una sentencia muy pol\u00e9mica, estableci\u00f3 que las defensor\u00edas del pueblo provincial no son competentes para atacar decisiones de car\u00e1cter nacional. Entonces tambi\u00e9n nosotros tenemos una limitaci\u00f3n judicial de poder impulsar alguna medida judicial\u201d, coment\u00f3 Voloj.<br \/>\n\u201cEntonces, esto que plantea la Corte Suprema de Justicia de la Naci\u00f3n (que ha sido tan medi\u00e1tica \u00faltimamente por ciertos fallos) tambi\u00e9n puede leerse en este sentido que es una limitaci\u00f3n al acceso a la justicia de las defensor\u00edas del pueblo provinciales y por ende de sus ciudadanos y ciudadanas\u201d, dijo.<br \/>\nFinalmente record\u00f3 Voloj que hace 14 a\u00f1os que el pa\u00eds no tiene un Defensor del Pueblo a nivel nacional .<br \/>\nAnte esta situaci\u00f3n limitaci\u00f3n judicial para tomar medidas legales, Voloj , se\u00f1al\u00f3 que  se est\u00e1 buscando una forma de declarar la nulidad de los aumentos hasta que se realicen los procesos de consulta correspondientes con la ciudadan\u00eda.<\/p>\n","protected":false},"excerpt":{"rendered":"<p>Desde la Defensor\u00eda del Pueblo del Chaco se plantea declarar la nulidad de los aumentos de tarifas en los peajes de Makall\u00e9 y el puente Chaco- Corrientes hasta tanto no se realice una audiencia p\u00fablica correspondiente que es la herramienta establecida para determinar y discutir aumentos de tarifas en lo que se refiere a los [&hellip;]<\/p>\n","protected":false},"author":1,"featured_media":21569,"comment_status":"closed","ping_status":"closed","sticky":false,"template":"","format":"standard","meta":{"footnotes":""},"categories":[6],"tags":[],"class_list":{"0":"post-21568","1":"post","2":"type-post","3":"status-publish","4":"format-standard","5":"has-post-thumbnail","7":"category-chaco"},"_links":{"self":[{"href":"https:\/\/chacosintesis.com.ar\/index.php\/wp-json\/wp\/v2\/posts\/21568","targetHints":{"allow":["GET"]}}],"collection":[{"href":"https:\/\/chacosintesis.com.ar\/index.php\/wp-json\/wp\/v2\/posts"}],"about":[{"href":"https:\/\/chacosintesis.com.ar\/index.php\/wp-json\/wp\/v2\/types\/post"}],"author":[{"embeddable":true,"href":"https:\/\/chacosintesis.com.ar\/index.php\/wp-json\/wp\/v2\/users\/1"}],"replies":[{"embeddable":true,"href":"https:\/\/chacosintesis.com.ar\/index.php\/wp-json\/wp\/v2\/comments?post=21568"}],"version-history":[{"count":0,"href":"https:\/\/chacosintesis.com.ar\/index.php\/wp-json\/wp\/v2\/posts\/21568\/revisions"}],"wp:featuredmedia":[{"embeddable":true,"href":"https:\/\/chacosintesis.com.ar\/index.php\/wp-json\/wp\/v2\/media\/21569"}],"wp:attachment":[{"href":"https:\/\/chacosintesis.com.ar\/index.php\/wp-json\/wp\/v2\/media?parent=21568"}],"wp:term":[{"taxonomy":"category","embeddable":true,"href":"https:\/\/chacosintesis.com.ar\/index.php\/wp-json\/wp\/v2\/categories?post=21568"},{"taxonomy":"post_tag","embeddable":true,"href":"https:\/\/chacosintesis.com.ar\/index.php\/wp-json\/wp\/v2\/tags?post=21568"}],"curies":[{"name":"wp","href":"https:\/\/api.w.org\/{rel}","templated":true}]}}