{"id":21564,"date":"2023-05-12T17:17:15","date_gmt":"2023-05-12T20:17:15","guid":{"rendered":"https:\/\/chacosintesis.com.ar\/?p=21564"},"modified":"2023-05-12T17:37:50","modified_gmt":"2023-05-12T20:37:50","slug":"empresas-chaquenas-fueron-invitadas-a-participar-de-la-expo-bna-conecta","status":"publish","type":"post","link":"https:\/\/chacosintesis.com.ar\/index.php\/empresas-chaquenas-fueron-invitadas-a-participar-de-la-expo-bna-conecta\/","title":{"rendered":"Empresas chaque\u00f1as fueron invitadas a participar de la Expo BNA Conecta"},"content":{"rendered":"<p>El presidente de la Confederaci\u00f3n Argentina de la Mediana Empresa (CAME), Alfredo Gonz\u00e1lez, recibi\u00f3 hoy a la titular del Banco Naci\u00f3n, Silvina Batakis, y a uno de sus directores, Mart\u00edn Pollera, quienes invitaron a participar a los empresarios de la Expo BNA Conecta, una mega muestra del sector industrial, comercial y de servicios que se desarrollar\u00e1 entre el 17 y 19 de mayo en Tecn\u00f3polis. \u201cHabr\u00e1 rondas de negocios, m\u00e1s de cien expositores, ciclos de charlas y capacitaci\u00f3n y anuncios de l\u00edneas de cr\u00e9dito con tasas de inter\u00e9s reales negativas y con condiciones flexibles\u201d, anunci\u00f3 Batakis ante un auditorio de m\u00e1s de 70 dirigentes pyme que participaron de la reuni\u00f3n por Zoom. Gonz\u00e1lez asegur\u00f3 el acompa\u00f1amiento de CAME y expres\u00f3: \u201cEstos eventos conectan a muchas empresas que no se conocen entre s\u00ed y les permiten interactuar con pymes de otras provincias&#8221;. Durante el encuentro tambi\u00e9n estuvieron presentes los vicepresidentes 1\u00ba y 2\u00ba de la entidad, Camilo Alberto Kahale y Fabi\u00e1n Castillo.<\/p>\n","protected":false},"excerpt":{"rendered":"<p>El presidente de la Confederaci\u00f3n Argentina de la Mediana Empresa (CAME), Alfredo Gonz\u00e1lez, recibi\u00f3 hoy a la titular del Banco Naci\u00f3n, Silvina Batakis, y a uno de sus directores, Mart\u00edn Pollera, quienes invitaron a participar a los empresarios de la Expo BNA Conecta, una mega muestra del sector industrial, comercial y de servicios que se [&hellip;]<\/p>\n","protected":false},"author":1,"featured_media":21565,"comment_status":"closed","ping_status":"closed","sticky":false,"template":"","format":"standard","meta":{"footnotes":""},"categories":[6],"tags":[],"class_list":{"0":"post-21564","1":"post","2":"type-post","3":"status-publish","4":"format-standard","5":"has-post-thumbnail","7":"category-chaco"},"_links":{"self":[{"href":"https:\/\/chacosintesis.com.ar\/index.php\/wp-json\/wp\/v2\/posts\/21564","targetHints":{"allow":["GET"]}}],"collection":[{"href":"https:\/\/chacosintesis.com.ar\/index.php\/wp-json\/wp\/v2\/posts"}],"about":[{"href":"https:\/\/chacosintesis.com.ar\/index.php\/wp-json\/wp\/v2\/types\/post"}],"author":[{"embeddable":true,"href":"https:\/\/chacosintesis.com.ar\/index.php\/wp-json\/wp\/v2\/users\/1"}],"replies":[{"embeddable":true,"href":"https:\/\/chacosintesis.com.ar\/index.php\/wp-json\/wp\/v2\/comments?post=21564"}],"version-history":[{"count":0,"href":"https:\/\/chacosintesis.com.ar\/index.php\/wp-json\/wp\/v2\/posts\/21564\/revisions"}],"wp:featuredmedia":[{"embeddable":true,"href":"https:\/\/chacosintesis.com.ar\/index.php\/wp-json\/wp\/v2\/media\/21565"}],"wp:attachment":[{"href":"https:\/\/chacosintesis.com.ar\/index.php\/wp-json\/wp\/v2\/media?parent=21564"}],"wp:term":[{"taxonomy":"category","embeddable":true,"href":"https:\/\/chacosintesis.com.ar\/index.php\/wp-json\/wp\/v2\/categories?post=21564"},{"taxonomy":"post_tag","embeddable":true,"href":"https:\/\/chacosintesis.com.ar\/index.php\/wp-json\/wp\/v2\/tags?post=21564"}],"curies":[{"name":"wp","href":"https:\/\/api.w.org\/{rel}","templated":true}]}}