{"id":21562,"date":"2023-05-12T17:08:58","date_gmt":"2023-05-12T20:08:58","guid":{"rendered":"https:\/\/chacosintesis.com.ar\/?p=21562"},"modified":"2023-05-12T17:37:49","modified_gmt":"2023-05-12T20:37:49","slug":"este-fin-de-semana-llega-el-zonal-de-automovilismo-a-machagai","status":"publish","type":"post","link":"https:\/\/chacosintesis.com.ar\/index.php\/este-fin-de-semana-llega-el-zonal-de-automovilismo-a-machagai\/","title":{"rendered":"Este fin de semana llega el Zonal de Automovilismo a Machagai"},"content":{"rendered":"<p>El intendente de la localidad se refiri\u00f3 al evento que congrega a las familias chaque\u00f1as.<br \/>\nEl intendente de Machagai, Juan Manuel Garc\u00eda, habl\u00f3 con Radio Provincia del Chaco sobre el Zonal de Automovilismo que se realizar\u00e1 este fin de semana.<br \/>\nGarc\u00eda inform\u00f3 que tras haber tenido que suspender el evento el fin de semana anterior, por las inclemencias del tiempo, Machagai se prepar\u00f3 para las carreras. El intendente dijo que se trata de una actividad \u201cque gusta mucho al p\u00fablico local\u201d. Coment\u00f3 tambi\u00e9n que hay un trabajo muy importante, realizado por la Federaci\u00f3n Chaque\u00f1a de Automovilismo junto a la autope\u00f1a de Machagai, Vialidad provincial y el municipio.<br \/>\n\u201cVialidad Provincial pone a punta la pista del circuito y con las maquinarias del municipio pudimos acondicionar todo el predio, para que el p\u00fablico pueda pasar un hermoso d\u00eda de campo\u201d, expres\u00f3 el mandatario municipal.<br \/>\nA\u00f1adi\u00f3 que \u201ces un espect\u00e1culo muy atractivo\u201d y que el circuito de Machagai tiene \u201cuna vista panor\u00e1mica envidiable, con la que desde cualquier punto donde uno se ubique puede ver la carrera a pleno\u201d.<br \/>\nGarc\u00eda adelant\u00f3 que \u201cjunto a la Federaci\u00f3n estamos trabajando en una posible segunda fecha en los pr\u00f3ximos 30 d\u00edas\u201d y record\u00f3 que el evento es gratuito el s\u00e1bado, que es cuando los autos se preparan para el domingo.<br \/>\nEl intendente coment\u00f3 tambi\u00e9n que los tres hoteles con los que cuenta la localidad \u201ctienen colapsada su capacidad\u201d y que eso \u201cnos empuja a seguir creciendo\u201d.<\/p>\n","protected":false},"excerpt":{"rendered":"<p>El intendente de la localidad se refiri\u00f3 al evento que congrega a las familias chaque\u00f1as. El intendente de Machagai, Juan Manuel Garc\u00eda, habl\u00f3 con Radio Provincia del Chaco sobre el Zonal de Automovilismo que se realizar\u00e1 este fin de semana. Garc\u00eda inform\u00f3 que tras haber tenido que suspender el evento el fin de semana anterior, [&hellip;]<\/p>\n","protected":false},"author":1,"featured_media":21563,"comment_status":"closed","ping_status":"closed","sticky":false,"template":"","format":"standard","meta":{"footnotes":""},"categories":[6],"tags":[],"class_list":{"0":"post-21562","1":"post","2":"type-post","3":"status-publish","4":"format-standard","5":"has-post-thumbnail","7":"category-chaco"},"_links":{"self":[{"href":"https:\/\/chacosintesis.com.ar\/index.php\/wp-json\/wp\/v2\/posts\/21562","targetHints":{"allow":["GET"]}}],"collection":[{"href":"https:\/\/chacosintesis.com.ar\/index.php\/wp-json\/wp\/v2\/posts"}],"about":[{"href":"https:\/\/chacosintesis.com.ar\/index.php\/wp-json\/wp\/v2\/types\/post"}],"author":[{"embeddable":true,"href":"https:\/\/chacosintesis.com.ar\/index.php\/wp-json\/wp\/v2\/users\/1"}],"replies":[{"embeddable":true,"href":"https:\/\/chacosintesis.com.ar\/index.php\/wp-json\/wp\/v2\/comments?post=21562"}],"version-history":[{"count":0,"href":"https:\/\/chacosintesis.com.ar\/index.php\/wp-json\/wp\/v2\/posts\/21562\/revisions"}],"wp:featuredmedia":[{"embeddable":true,"href":"https:\/\/chacosintesis.com.ar\/index.php\/wp-json\/wp\/v2\/media\/21563"}],"wp:attachment":[{"href":"https:\/\/chacosintesis.com.ar\/index.php\/wp-json\/wp\/v2\/media?parent=21562"}],"wp:term":[{"taxonomy":"category","embeddable":true,"href":"https:\/\/chacosintesis.com.ar\/index.php\/wp-json\/wp\/v2\/categories?post=21562"},{"taxonomy":"post_tag","embeddable":true,"href":"https:\/\/chacosintesis.com.ar\/index.php\/wp-json\/wp\/v2\/tags?post=21562"}],"curies":[{"name":"wp","href":"https:\/\/api.w.org\/{rel}","templated":true}]}}