{"id":21560,"date":"2023-05-12T17:07:18","date_gmt":"2023-05-12T20:07:18","guid":{"rendered":"https:\/\/chacosintesis.com.ar\/?p=21560"},"modified":"2023-05-12T17:07:46","modified_gmt":"2023-05-12T20:07:46","slug":"comunidad-wichi-denuncio-a-fiscal-general-y-auxiliar-por-presunto-abuso-de-autoridad-y-violacion-de-deberes-de-funcionarios-publicos","status":"publish","type":"post","link":"https:\/\/chacosintesis.com.ar\/index.php\/comunidad-wichi-denuncio-a-fiscal-general-y-auxiliar-por-presunto-abuso-de-autoridad-y-violacion-de-deberes-de-funcionarios-publicos\/","title":{"rendered":"Comunidad wich\u00ed denunci\u00f3 a fiscal general y auxiliar por presunto \u201cabuso de autoridad y violaci\u00f3n de deberes de funcionarios p\u00fablicos\u201d"},"content":{"rendered":"<p>Comunidad ind\u00edgena Wich\u00ed de El Sauzalito, con el patrocinio jur\u00eddico de Sergio Paulo Pereyra, formul\u00f3 denuncia penal contra el fiscal general Carlos Mart\u00edn Amad y la auxiliar fiscal Pamela Michlig por la presunta comisi\u00f3n de los delitos \u201cde abuso de autoridad, violaci\u00f3n de los deberes de los funcionarios p\u00fablicos (art\u00edculos 248 y 249 del C\u00f3digo Penal)\u201d.<br \/>\nEn la denuncia presentada esta ma\u00f1ana ante el Juzgado Federal de la Ciudad Termal, por Amancio Reinoso y Ariel Fabi\u00e1n (referentes de la \u201cGuardia Comunitaria Ambiental Wichi Whasek\u201d) y 36 integrantes m\u00e1s de la comunidad ind\u00edgena wich\u00ed, destacan que la situaci\u00f3n se agravad \u201cpor haber sido cometidos con la finalidad de aterrorizar a la poblaci\u00f3n, con motivo de persecuci\u00f3n a una raza o nacionalidad y con el objeto de destruir en todo o en parte a un grupo nacional, \u00e9tnico, racial (cfr. el art\u00edculo 41 quinquies del CP y la Ley N\u00b0 23.592\/88)\u201d.<br \/>\nAsimismo, requieren se ponga \u201cen formal conocimiento a la Procuraci\u00f3n General de la Naci\u00f3n; a los efectos de que se proceda al inicio de las investigaciones administrativas correspondientes y, las acciones de Superintendencia que sean necesarias\u201d. Respecto a los hechos que sostienen la presente denuncia, \u201cconsisten en una serie de acciones y omisiones funcionales que infraccionan deberes que pesan sobre integrantes del Ministerio P\u00fablico Fiscal de la Naci\u00f3n (con asiento f\u00edsico o funcional en esta jurisdicci\u00f3n), constituyendo tales conductas delitos previstos y reprimidos por el C\u00f3digo Penal\u201d.<br \/>\nA su vez, se expone como ejemplo el d\u00eda 7 de marzo del 2023 por la ma\u00f1ana en \u201cLA RADIO. FM 104.7 \u201cSIEMPRE JUNTO A LA GENTE\u201d, el fiscal Carlos Mart\u00edn Amad, expresa a viva voz en relaci\u00f3n a la causa \u201cGuardia Comunitaria Whasek\u201d:<br \/>\n\u201c(\u2026) No no, no es que cae porque ya los hechos\u2026 ilegalmente est\u00e1n sobrese\u00eddos\u2026\u201d Esto surge a minutos 06:10 de la entrevista en dicho medio\u201d.<br \/>\nEn cuanto a la calificaci\u00f3n legal penal pretendida, solicitan \u201cel delito de abuso de autoridad y violaci\u00f3n de los deberes de los funcionarios p\u00fablicos\u201d. \u201cDe la recusaci\u00f3n de los fiscales: sin perjuicio de que parezca l\u00f3gico que los fiscales de vuestra jurisdicci\u00f3n que por la presente se denuncian no debieran intervenir en esta causa, a los fines de evitar cualquier tipo de acto procesal que pueda afectar o entorpecer la presente, entendemos que corresponde plantear y motivar la recusaci\u00f3n de los mismos, en el tiempo y forma que prev\u00e9 el art\u00edculo 60 del C\u00f3digo Procesal Penal de la Naci\u00f3n\u201d.<br \/>\nEn definitiva, \u201centendemos que resulta necesario aclarar que es inadmisible darles intervenci\u00f3n a los representantes del Ministerio P\u00fablico Fiscal que son sujetos denunciados en la presente\u201d. \u201cTeniendo en cuenta el modo en que se desarrollaron los hechos anoticiados, no ser\u00eda descabellado pensar que podr\u00edan tambi\u00e9n tomar participaci\u00f3n en la presente, implicando una afectaci\u00f3n grave de la garant\u00eda de objetividad que la ley les impone a los integrantes del Ministerio P\u00fablico en el caso concreto\u201d, concluyen.<\/p>\n","protected":false},"excerpt":{"rendered":"<p>Comunidad ind\u00edgena Wich\u00ed de El Sauzalito, con el patrocinio jur\u00eddico de Sergio Paulo Pereyra, formul\u00f3 denuncia penal contra el fiscal general Carlos Mart\u00edn Amad y la auxiliar fiscal Pamela Michlig por la presunta comisi\u00f3n de los delitos \u201cde abuso de autoridad, violaci\u00f3n de los deberes de los funcionarios p\u00fablicos (art\u00edculos 248 y 249 del C\u00f3digo [&hellip;]<\/p>\n","protected":false},"author":1,"featured_media":21561,"comment_status":"closed","ping_status":"closed","sticky":false,"template":"","format":"standard","meta":{"footnotes":""},"categories":[6],"tags":[],"class_list":{"0":"post-21560","1":"post","2":"type-post","3":"status-publish","4":"format-standard","5":"has-post-thumbnail","7":"category-chaco"},"_links":{"self":[{"href":"https:\/\/chacosintesis.com.ar\/index.php\/wp-json\/wp\/v2\/posts\/21560","targetHints":{"allow":["GET"]}}],"collection":[{"href":"https:\/\/chacosintesis.com.ar\/index.php\/wp-json\/wp\/v2\/posts"}],"about":[{"href":"https:\/\/chacosintesis.com.ar\/index.php\/wp-json\/wp\/v2\/types\/post"}],"author":[{"embeddable":true,"href":"https:\/\/chacosintesis.com.ar\/index.php\/wp-json\/wp\/v2\/users\/1"}],"replies":[{"embeddable":true,"href":"https:\/\/chacosintesis.com.ar\/index.php\/wp-json\/wp\/v2\/comments?post=21560"}],"version-history":[{"count":0,"href":"https:\/\/chacosintesis.com.ar\/index.php\/wp-json\/wp\/v2\/posts\/21560\/revisions"}],"wp:featuredmedia":[{"embeddable":true,"href":"https:\/\/chacosintesis.com.ar\/index.php\/wp-json\/wp\/v2\/media\/21561"}],"wp:attachment":[{"href":"https:\/\/chacosintesis.com.ar\/index.php\/wp-json\/wp\/v2\/media?parent=21560"}],"wp:term":[{"taxonomy":"category","embeddable":true,"href":"https:\/\/chacosintesis.com.ar\/index.php\/wp-json\/wp\/v2\/categories?post=21560"},{"taxonomy":"post_tag","embeddable":true,"href":"https:\/\/chacosintesis.com.ar\/index.php\/wp-json\/wp\/v2\/tags?post=21560"}],"curies":[{"name":"wp","href":"https:\/\/api.w.org\/{rel}","templated":true}]}}