{"id":21558,"date":"2023-05-12T17:05:56","date_gmt":"2023-05-12T20:05:56","guid":{"rendered":"https:\/\/chacosintesis.com.ar\/?p=21558"},"modified":"2023-05-12T17:07:46","modified_gmt":"2023-05-12T20:07:46","slug":"elecciones-cada-provincia-tiene-su-particularidad-constitucional-remarco-el-presidente-de-la-junta-electoral-del-pj-chaco","status":"publish","type":"post","link":"https:\/\/chacosintesis.com.ar\/index.php\/elecciones-cada-provincia-tiene-su-particularidad-constitucional-remarco-el-presidente-de-la-junta-electoral-del-pj-chaco\/","title":{"rendered":"Elecciones: \u201cCada provincia tiene su particularidad constitucional\u201d, remarc\u00f3 el presidente de la Junta Electoral del PJ Chaco"},"content":{"rendered":"<p>En contexto de la decisi\u00f3n de la Corte Suprema de Justicia de la Naci\u00f3n sobre la suspensi\u00f3n de las elecciones provinciales en las provincias de Tucum\u00e1n y San Juan, el presidente de la Junta Electoral del Partido Justicialista del Chaco, Victor Stambulli, refiri\u00f3 que cada provincia tiene su marco constitucional espec\u00edfico, y reproch\u00f3 la decisi\u00f3n por los tiempos tan cercanos con el evento democr\u00e1tico.<br \/>\n\u201cCada provincia tiene su particularidad referida a la parte constitucional, y es muy espec\u00edfica\u201d, sostuvo en comunicaci\u00f3n con Radio Provincia del Chaco, y plante\u00f3 que \u201cpara unos especialistas en materia de derecho p\u00fablico es casi exclusividad de las provincias\u201d.<br \/>\nRespecto de lo ocurrido en San Juan y Tucum\u00e1n, indic\u00f3 que \u201ces una cuesti\u00f3n de interpretaciones, no solamente de derechos, sino tambi\u00e9n pol\u00edtica\u201d, y plante\u00f3 que \u201clo criticable es que se haya hecho a tan poco tiempo de las elecciones. Transcurri\u00f3 mucho tiempo en que pod\u00edan tomar la decisi\u00f3n y no lo hicieron, esperaron una semana antes de las elecciones para sacar un fallo netamente pol\u00edtico\u201d. \u201cCreo que deber\u00edan tomarse con m\u00e1s seriedad este tipo de medidas y hacerlas, en todo caso, anticipadamente\u201d, sostuvo.<br \/>\nEn ese sentido, analiz\u00f3 que \u201cun fallo como este provoca una movilizaci\u00f3n y preocupaci\u00f3n ciudadana\u201d, y reiter\u00f3 que \u201cfaltando tan poco tiempo para que se realice una elecci\u00f3n general a gobernador, diputados e intendentes, que la suspendan de una, provoca una conmoci\u00f3n en el pueblo\u201d.<\/p>\n","protected":false},"excerpt":{"rendered":"<p>En contexto de la decisi\u00f3n de la Corte Suprema de Justicia de la Naci\u00f3n sobre la suspensi\u00f3n de las elecciones provinciales en las provincias de Tucum\u00e1n y San Juan, el presidente de la Junta Electoral del Partido Justicialista del Chaco, Victor Stambulli, refiri\u00f3 que cada provincia tiene su marco constitucional espec\u00edfico, y reproch\u00f3 la decisi\u00f3n [&hellip;]<\/p>\n","protected":false},"author":1,"featured_media":21559,"comment_status":"closed","ping_status":"closed","sticky":false,"template":"","format":"standard","meta":{"footnotes":""},"categories":[6],"tags":[],"class_list":{"0":"post-21558","1":"post","2":"type-post","3":"status-publish","4":"format-standard","5":"has-post-thumbnail","7":"category-chaco"},"_links":{"self":[{"href":"https:\/\/chacosintesis.com.ar\/index.php\/wp-json\/wp\/v2\/posts\/21558","targetHints":{"allow":["GET"]}}],"collection":[{"href":"https:\/\/chacosintesis.com.ar\/index.php\/wp-json\/wp\/v2\/posts"}],"about":[{"href":"https:\/\/chacosintesis.com.ar\/index.php\/wp-json\/wp\/v2\/types\/post"}],"author":[{"embeddable":true,"href":"https:\/\/chacosintesis.com.ar\/index.php\/wp-json\/wp\/v2\/users\/1"}],"replies":[{"embeddable":true,"href":"https:\/\/chacosintesis.com.ar\/index.php\/wp-json\/wp\/v2\/comments?post=21558"}],"version-history":[{"count":0,"href":"https:\/\/chacosintesis.com.ar\/index.php\/wp-json\/wp\/v2\/posts\/21558\/revisions"}],"wp:featuredmedia":[{"embeddable":true,"href":"https:\/\/chacosintesis.com.ar\/index.php\/wp-json\/wp\/v2\/media\/21559"}],"wp:attachment":[{"href":"https:\/\/chacosintesis.com.ar\/index.php\/wp-json\/wp\/v2\/media?parent=21558"}],"wp:term":[{"taxonomy":"category","embeddable":true,"href":"https:\/\/chacosintesis.com.ar\/index.php\/wp-json\/wp\/v2\/categories?post=21558"},{"taxonomy":"post_tag","embeddable":true,"href":"https:\/\/chacosintesis.com.ar\/index.php\/wp-json\/wp\/v2\/tags?post=21558"}],"curies":[{"name":"wp","href":"https:\/\/api.w.org\/{rel}","templated":true}]}}