{"id":21556,"date":"2023-05-12T17:04:11","date_gmt":"2023-05-12T20:04:11","guid":{"rendered":"https:\/\/chacosintesis.com.ar\/?p=21556"},"modified":"2023-05-12T17:07:45","modified_gmt":"2023-05-12T20:07:45","slug":"la-provincia-se-hara-cargo-del-control-de-precios-justos-en-grandes-supermercados-del-chaco","status":"publish","type":"post","link":"https:\/\/chacosintesis.com.ar\/index.php\/la-provincia-se-hara-cargo-del-control-de-precios-justos-en-grandes-supermercados-del-chaco\/","title":{"rendered":"La provincia se har\u00e1 cargo del control de Precios Justos en grandes supermercados del Chaco"},"content":{"rendered":"<p>El gobernador Jorge Capitanich y el subsecretario de Comercio de la Naci\u00f3n, Mat\u00edas Tombolini, rubricaron un convenio para coordinar el trabajo conjunto, fortalecer la capacitaci\u00f3n del personal y cubrir los gastos de los trabajadores.<br \/>\nEn la ma\u00f1ana de este viernes, el gobernador Jorge Capitanich recibi\u00f3 en la Casa de Gobierno al secretario de Comercio de la Naci\u00f3n, Mat\u00edas Tombolini, para completar la firma de un convenio vinculado al Programa \u201cPrecios Justos\u201d, destinado a reducir la expectativa inflacionaria y contener los precios en el corto plazo. Tambi\u00e9n participaron del encuentro el ministro Sebasti\u00e1n Lifton y la subsecretaria, Ludmila Voloj.<br \/>\nEl acuerdo firmado pretende acordar las pautas de coordinaci\u00f3n y asistencia necesarias a efectos que la provincia realice todas las tareas inherentes a la fiscalizaci\u00f3n, al control y al juzgamiento de los incumplimientos a los acuerdos de precios que hayan sido suscriptos por la Secretar\u00eda con diversas empresas.<br \/>\nA su vez, se busca un fortalecimiento en capacitaci\u00f3n y formaci\u00f3n del cuerpo de inspectores, ya que mediante el acuerdo, la provincia verificar\u00e1 el cumplimiento de los acuerdos de precios en los establecimientos radicados dentro de su territorio y har\u00e1 efectivas las posibles infracciones que se imputen mediante procedimientos de sumarios sujetos a la normativa local.<br \/>\nAdem\u00e1s, se acord\u00f3 el otorgamiento de un porcentaje sobre el monto total de cada multa realizada en la provincia en concepto de retribuci\u00f3n por los gastos operativos que genere la ejecuci\u00f3n.<br \/>\nPrecios Justos<br \/>\nEl Programa nacional establece una pauta de precios del 3,2% mensual promedio hasta el 30 de junio de 2023, y comprende 15 sectores de la econom\u00eda: consumo masivo, indumentaria, calzado, hogar, construcci\u00f3n, celulares, peque\u00f1os electrodom\u00e9sticos, educaci\u00f3n, canasta escolar, insumos industriales, textiles, motos, bicicletas, medicamentos y venta por cat\u00e1logo.<br \/>\nEn el Chaco, los comercios adheridos son los supermercados Carrefour, Chango M\u00e1s, Vea e Hipermercado Libertad, los cuales se ubican en la ciudad de Resistencia y Presidencia Roque S\u00e1enz Pe\u00f1a.<br \/>\nBalance<br \/>\nA trav\u00e9s de los controles realizados hasta la fecha en las cadenas de supermercados de la provincia, se emiti\u00f3 un balance general respecto a lo evaluado tanto en Resistencia como S\u00e1enz Pe\u00f1a.<br \/>\nEn principio, informaron \u201cdeficiencias generalizadas, principalmente en lo que se refiere a los niveles de stocks disponibles de productos b\u00e1sicos\u201d, aunque advirtieron que \u201cse fue mejorando gradualmente desde su lanzamiento\u201d. Los faltantes de productos a\u00fan hoy oscilan entre el 20 y 60% de las listas utilizadas para su relevamiento dependiendo del comercio, de acuerdo al informe.<br \/>\nEn relaci\u00f3n a la se\u00f1al\u00e9tica y al cumplimiento de precios, indicaron que \u201cse observa un muy buen cumplimiento en todas las sucursales con faltantes muy puntuales de identificaci\u00f3n de productos en g\u00f3ndola que en ning\u00fan caso superan en 10% de las muestras utilizadas en los relevamientos\u201d.<br \/>\nSobre el acuerdo de \u201cPrecios Justos Carnes\u201d, se\u00f1alaron que \u201cse observa que los kilos enviados a cada sucursal tienen una duraci\u00f3n aproximada de 3 a 4 d\u00edas, agot\u00e1ndose en primera instancia los cortes parrilleros (asado, vac\u00edo, tapa de asado y matambre)\u201d.<\/p>\n","protected":false},"excerpt":{"rendered":"<p>El gobernador Jorge Capitanich y el subsecretario de Comercio de la Naci\u00f3n, Mat\u00edas Tombolini, rubricaron un convenio para coordinar el trabajo conjunto, fortalecer la capacitaci\u00f3n del personal y cubrir los gastos de los trabajadores. En la ma\u00f1ana de este viernes, el gobernador Jorge Capitanich recibi\u00f3 en la Casa de Gobierno al secretario de Comercio de [&hellip;]<\/p>\n","protected":false},"author":1,"featured_media":21557,"comment_status":"closed","ping_status":"closed","sticky":false,"template":"","format":"standard","meta":{"footnotes":""},"categories":[6],"tags":[],"class_list":{"0":"post-21556","1":"post","2":"type-post","3":"status-publish","4":"format-standard","5":"has-post-thumbnail","7":"category-chaco"},"_links":{"self":[{"href":"https:\/\/chacosintesis.com.ar\/index.php\/wp-json\/wp\/v2\/posts\/21556","targetHints":{"allow":["GET"]}}],"collection":[{"href":"https:\/\/chacosintesis.com.ar\/index.php\/wp-json\/wp\/v2\/posts"}],"about":[{"href":"https:\/\/chacosintesis.com.ar\/index.php\/wp-json\/wp\/v2\/types\/post"}],"author":[{"embeddable":true,"href":"https:\/\/chacosintesis.com.ar\/index.php\/wp-json\/wp\/v2\/users\/1"}],"replies":[{"embeddable":true,"href":"https:\/\/chacosintesis.com.ar\/index.php\/wp-json\/wp\/v2\/comments?post=21556"}],"version-history":[{"count":0,"href":"https:\/\/chacosintesis.com.ar\/index.php\/wp-json\/wp\/v2\/posts\/21556\/revisions"}],"wp:featuredmedia":[{"embeddable":true,"href":"https:\/\/chacosintesis.com.ar\/index.php\/wp-json\/wp\/v2\/media\/21557"}],"wp:attachment":[{"href":"https:\/\/chacosintesis.com.ar\/index.php\/wp-json\/wp\/v2\/media?parent=21556"}],"wp:term":[{"taxonomy":"category","embeddable":true,"href":"https:\/\/chacosintesis.com.ar\/index.php\/wp-json\/wp\/v2\/categories?post=21556"},{"taxonomy":"post_tag","embeddable":true,"href":"https:\/\/chacosintesis.com.ar\/index.php\/wp-json\/wp\/v2\/tags?post=21556"}],"curies":[{"name":"wp","href":"https:\/\/api.w.org\/{rel}","templated":true}]}}