{"id":21554,"date":"2023-05-12T16:47:10","date_gmt":"2023-05-12T19:47:10","guid":{"rendered":"https:\/\/chacosintesis.com.ar\/?p=21554"},"modified":"2023-05-12T17:07:43","modified_gmt":"2023-05-12T20:07:43","slug":"se-creo-el-colegio-de-profesionales-de-la-educacion-fisica-en-el-chaco","status":"publish","type":"post","link":"https:\/\/chacosintesis.com.ar\/index.php\/se-creo-el-colegio-de-profesionales-de-la-educacion-fisica-en-el-chaco\/","title":{"rendered":"Se cre\u00f3 el Colegio de Profesionales de la Educaci\u00f3n F\u00edsica en el Chaco"},"content":{"rendered":"<p>Ayer la legislatura provincial aprob\u00f3 varias leyes, entre ellas la reglamentaci\u00f3n del ejercicio de las psicopedagog\u00edas y la creaci\u00f3n del Colegio Profesional de Educaci\u00f3n F\u00edsica, impulsada por los diputados Nicol\u00e1s Slimel y Enrique Paredes (mandato cumplido).<br \/>\nEn relaci\u00f3n a ello, Francisco Oporto, delegado del Sindicato \u00danico de Guardavidas y Afines de la Rep\u00fablica Argentina (SUGARA)  y uno de los impulsores de la iniciativa, dialog\u00f3 esta ma\u00f1ana con Radio Libertad y expres\u00f3: \u201cestamos muy contentos, es una gesti\u00f3n que venimos haciendo desde hace dos a\u00f1os\u201d.<br \/>\nOporto explic\u00f3 que la creaci\u00f3n del Colegio Profesional de Educaci\u00f3n F\u00edsica permitir\u00e1 \u201cregular y jerarquizar la profesionalidad de los profesores de educaci\u00f3n f\u00edsica\u201d. \u201cTener este colegio nos posibilita a los profesores de educaci\u00f3n f\u00edsica regular, en el \u00e1mbito no formal, lo que son los puestos de trabajo\u201d, agreg\u00f3.<br \/>\nAdem\u00e1s, el delegado de SUGARA destac\u00f3 que la instituci\u00f3n recientemente creada por ley, \u201ctiene otras funciones como otorgar y controlar matr\u00edculas profesionales, asegurando un correcto y eficaz ejercicio de la misma; promover el progreso de la educaci\u00f3n f\u00edsica, defender el derecho de los colegiados, velar por el cumpliento de las normas \u00e9ticas profesionales\u201d. \u201cHabr\u00e1 un comit\u00e9 de disciplina que se va a encargar que se cumplan las mismas\u201d, remarc\u00f3.<br \/>\nTambi\u00e9n se incluyen \u201ccuestiones que tienen que ver con la implementaci\u00f3n de estrategias de capacitaci\u00f3n y actualizaci\u00f3n que permitir\u00e1 a nuestra sociedad, tener profesores de educaci\u00f3n f\u00edsica registrados, principalmente en el \u00e1mbito no formal\u201d.<br \/>\nEn relaci\u00f3n a ello, aclar\u00f3 que \u201cen el \u00e1mbito formal estamos regulados por la ley 647, para docentes donde se reconocen los aportes, las remuneraciones, la obra social; no as\u00ed en el \u00e1mbito no formal como clubes, ONGs, fundaciones\u201d.<br \/>\n\u201cEsto va en detrimento del servicio que ofrece el profesor y de la calidad que exige la sociedad en cuanto a la actividad f\u00edsica, el ejercicio y preparaci\u00f3n f\u00edsica deportiva\u201d, argument\u00f3.<br \/>\nLa creaci\u00f3n del Colegio de Profesionales de la Educaci\u00f3n F\u00edsica \u201cviene con una impronta muy importante que es la de elevar la jerarquizaci\u00f3n del profesor de educaci\u00f3n f\u00edsica\u201d, enfatiz\u00f3 Oporto. \u201cAdem\u00e1s, la posibilidad de agremiarse y estar colegiados favorece que podamos realizar convenios con otras provincias, con otras localidades y otras instituciones, a nivel nacional e internacional\u201d, concluy\u00f3.<\/p>\n","protected":false},"excerpt":{"rendered":"<p>Ayer la legislatura provincial aprob\u00f3 varias leyes, entre ellas la reglamentaci\u00f3n del ejercicio de las psicopedagog\u00edas y la creaci\u00f3n del Colegio Profesional de Educaci\u00f3n F\u00edsica, impulsada por los diputados Nicol\u00e1s Slimel y Enrique Paredes (mandato cumplido). En relaci\u00f3n a ello, Francisco Oporto, delegado del Sindicato \u00danico de Guardavidas y Afines de la Rep\u00fablica Argentina (SUGARA) [&hellip;]<\/p>\n","protected":false},"author":1,"featured_media":21555,"comment_status":"closed","ping_status":"closed","sticky":false,"template":"","format":"standard","meta":{"footnotes":""},"categories":[6],"tags":[],"class_list":{"0":"post-21554","1":"post","2":"type-post","3":"status-publish","4":"format-standard","5":"has-post-thumbnail","7":"category-chaco"},"_links":{"self":[{"href":"https:\/\/chacosintesis.com.ar\/index.php\/wp-json\/wp\/v2\/posts\/21554","targetHints":{"allow":["GET"]}}],"collection":[{"href":"https:\/\/chacosintesis.com.ar\/index.php\/wp-json\/wp\/v2\/posts"}],"about":[{"href":"https:\/\/chacosintesis.com.ar\/index.php\/wp-json\/wp\/v2\/types\/post"}],"author":[{"embeddable":true,"href":"https:\/\/chacosintesis.com.ar\/index.php\/wp-json\/wp\/v2\/users\/1"}],"replies":[{"embeddable":true,"href":"https:\/\/chacosintesis.com.ar\/index.php\/wp-json\/wp\/v2\/comments?post=21554"}],"version-history":[{"count":0,"href":"https:\/\/chacosintesis.com.ar\/index.php\/wp-json\/wp\/v2\/posts\/21554\/revisions"}],"wp:featuredmedia":[{"embeddable":true,"href":"https:\/\/chacosintesis.com.ar\/index.php\/wp-json\/wp\/v2\/media\/21555"}],"wp:attachment":[{"href":"https:\/\/chacosintesis.com.ar\/index.php\/wp-json\/wp\/v2\/media?parent=21554"}],"wp:term":[{"taxonomy":"category","embeddable":true,"href":"https:\/\/chacosintesis.com.ar\/index.php\/wp-json\/wp\/v2\/categories?post=21554"},{"taxonomy":"post_tag","embeddable":true,"href":"https:\/\/chacosintesis.com.ar\/index.php\/wp-json\/wp\/v2\/tags?post=21554"}],"curies":[{"name":"wp","href":"https:\/\/api.w.org\/{rel}","templated":true}]}}