{"id":21540,"date":"2023-05-12T16:11:48","date_gmt":"2023-05-12T19:11:48","guid":{"rendered":"https:\/\/chacosintesis.com.ar\/?p=21540"},"modified":"2023-05-12T16:37:12","modified_gmt":"2023-05-12T19:37:12","slug":"lesionaron-a-un-personal-policial-con-un-arma-blanca-en-un-control-vehicular","status":"publish","type":"post","link":"https:\/\/chacosintesis.com.ar\/index.php\/lesionaron-a-un-personal-policial-con-un-arma-blanca-en-un-control-vehicular\/","title":{"rendered":"Lesionaron a un personal policial con un arma blanca en un control vehicular"},"content":{"rendered":"<p>El agresor de 25 a\u00f1os, fue puesto a disposici\u00f3n de la Justicia.<br \/>\nEl hecho ocurri\u00f3 cerca de las 19:50, cuando el personal de la Divisi\u00f3n 911 junto a la Secci\u00f3n C.O.M realizaban controles vehiculares e identificaci\u00f3n de personas por la avenida los Pioneros y Bicentenario.<br \/>\nTras identificar a un motociclista de 25 a\u00f1os, el sujeto extrae desde su prenda vestir un arma blanca produci\u00e9ndole lesiones en la mano a un efectivo del C.O.M. R\u00e1pidamente, los uniformados lograron desarmar a este sujeto.<br \/>\nSeguidamente  el efectivo fue trasladado hacia el nosocomio local, donde fue atendido y diagnosticado \u201clesi\u00f3n cortante 1 cm aprox. longitud, en dorso de 3er dedo mano izquierda, con resto hem\u00e1tico\u201d.<br \/>\nEn tanto, el agresor fue alojado en la Comisaria General San Martin previa paso por el nosocomio local.<\/p>\n","protected":false},"excerpt":{"rendered":"<p>El agresor de 25 a\u00f1os, fue puesto a disposici\u00f3n de la Justicia. El hecho ocurri\u00f3 cerca de las 19:50, cuando el personal de la Divisi\u00f3n 911 junto a la Secci\u00f3n C.O.M realizaban controles vehiculares e identificaci\u00f3n de personas por la avenida los Pioneros y Bicentenario. Tras identificar a un motociclista de 25 a\u00f1os, el sujeto [&hellip;]<\/p>\n","protected":false},"author":1,"featured_media":21541,"comment_status":"closed","ping_status":"closed","sticky":false,"template":"","format":"standard","meta":{"footnotes":""},"categories":[6],"tags":[],"class_list":{"0":"post-21540","1":"post","2":"type-post","3":"status-publish","4":"format-standard","5":"has-post-thumbnail","7":"category-chaco"},"_links":{"self":[{"href":"https:\/\/chacosintesis.com.ar\/index.php\/wp-json\/wp\/v2\/posts\/21540","targetHints":{"allow":["GET"]}}],"collection":[{"href":"https:\/\/chacosintesis.com.ar\/index.php\/wp-json\/wp\/v2\/posts"}],"about":[{"href":"https:\/\/chacosintesis.com.ar\/index.php\/wp-json\/wp\/v2\/types\/post"}],"author":[{"embeddable":true,"href":"https:\/\/chacosintesis.com.ar\/index.php\/wp-json\/wp\/v2\/users\/1"}],"replies":[{"embeddable":true,"href":"https:\/\/chacosintesis.com.ar\/index.php\/wp-json\/wp\/v2\/comments?post=21540"}],"version-history":[{"count":0,"href":"https:\/\/chacosintesis.com.ar\/index.php\/wp-json\/wp\/v2\/posts\/21540\/revisions"}],"wp:featuredmedia":[{"embeddable":true,"href":"https:\/\/chacosintesis.com.ar\/index.php\/wp-json\/wp\/v2\/media\/21541"}],"wp:attachment":[{"href":"https:\/\/chacosintesis.com.ar\/index.php\/wp-json\/wp\/v2\/media?parent=21540"}],"wp:term":[{"taxonomy":"category","embeddable":true,"href":"https:\/\/chacosintesis.com.ar\/index.php\/wp-json\/wp\/v2\/categories?post=21540"},{"taxonomy":"post_tag","embeddable":true,"href":"https:\/\/chacosintesis.com.ar\/index.php\/wp-json\/wp\/v2\/tags?post=21540"}],"curies":[{"name":"wp","href":"https:\/\/api.w.org\/{rel}","templated":true}]}}