{"id":21532,"date":"2023-05-12T11:52:22","date_gmt":"2023-05-12T14:52:22","guid":{"rendered":"https:\/\/chacosintesis.com.ar\/?p=21532"},"modified":"2023-05-12T12:06:48","modified_gmt":"2023-05-12T15:06:48","slug":"capitanich-marco-la-importancia-del-dialogo-y-la-participacion-comunitaria-como-mecanismos-de-resolucion-de-conflictos","status":"publish","type":"post","link":"https:\/\/chacosintesis.com.ar\/index.php\/capitanich-marco-la-importancia-del-dialogo-y-la-participacion-comunitaria-como-mecanismos-de-resolucion-de-conflictos\/","title":{"rendered":"Capitanich marc\u00f3 la importancia del di\u00e1logo y la participaci\u00f3n comunitaria como mecanismos de resoluci\u00f3n de conflictos"},"content":{"rendered":"<p>En la apertura del 4to. Congreso Internacional de Polic\u00eda de Proximidad y Mediaci\u00f3n Policial que se realiza en la ciudad de Resistencia, el gobernador Jorge Capitanich traz\u00f3 l\u00edneas de acci\u00f3n de las pol\u00edticas de seguridad en la provincia del Chaco y marc\u00f3 la importancia del di\u00e1logo y la participaci\u00f3n comunitaria como mecanismos de resoluci\u00f3n de conflictos.<br \/>\n El gobernador Jorge Capitanich, junto a la ministra de Seguridad y Justicia de la provincia, Gloria Zalazar y funcionarios del Ministerio de Seguridad de la Naci\u00f3n, realizaron la apertura del  4to. Congreso Internacional de Polic\u00eda de Proximidad y Mediaci\u00f3n Policial que se realiza en la ciudad de Resistencia.<br \/>\nDurante el discurso de apertura, el gobernador Capitanich traz\u00f3 l\u00edneas de acci\u00f3n de las pol\u00edticas de seguridad en la provincia del Chaco y marc\u00f3 la importancia del di\u00e1logo y la participaci\u00f3n comunitaria como mecanismos de resoluci\u00f3n de conflictos.<br \/>\nEn este contexto tambi\u00e9n propuso  el fortalecimiento de la descentralizaci\u00f3n en la gesti\u00f3n policial para lograr una interacci\u00f3n efectiva con el territorio y el seguimiento de las acciones delictivas. Adem\u00e1s, enfatiz\u00f3 la importancia de la participaci\u00f3n comunitaria y de la transformaci\u00f3n cultural para lograr una mejor calidad de vida de la ciudadan\u00eda. &#8211;<br \/>\n\u201cSi entendemos que la democracia es el mejor sistema de gobierno posible, las libertades p\u00fablicas son un elemento esencial para la expresi\u00f3n de la sociedad. Que el conflicto se resuelva con di\u00e1logo. Entonces el di\u00e1logo es una herramienta indispensable para lograr cooperaci\u00f3n y soluci\u00f3n de los conflictos.  Sabemos que esto a veces requiere m\u00e1s tiempo, pero este es el camino\u201d, dijo . En este punto insto a que esto \u201cdebe ser parte de una cultura en la que todos nos comprometamos a respetar los derechos del otro, pero tambi\u00e9n entender y ser capaces de generar una conciencia  para construir una sociedad m\u00e1s justa, m\u00e1s equitativa y obviamente una comunidad m\u00e1s \u00edntegra\u201d.<br \/>\nAcompa\u00f1aron al gobernador en la apertura del Congreso Internacional de Polic\u00eda de Proximidad y Mediaci\u00f3n Policial, el Director Nacional de Mediaci\u00f3n y Medios Participativos de Resoluci\u00f3n de Conflictos del Ministerio de Justicia y Derechos Humanos de la Naci\u00f3n, Patricio Ferrazano; el ministro del Superior Tribunal de Justicia del Chaco, V\u00edctor Del R\u00edo, la subsecretar\u00eda de Formaci\u00f3n y Carrera en el Ministerio de Seguridad de la Naci\u00f3n, Belen Mora, comisarios de las provincias de Jujuy, Chaco y Chubut y representantes de las \u00e1reas de seguridad de varias jurisdicciones.<br \/>\n Capitanich record\u00f3 que en  materia de seguridad p\u00fablica,  se ha impulsado desde siempre una reforma constitucional en la provincia para mejorar sustantivamente la calidad institucional.<br \/>\n\u201cY entendemos que es imprescindible establecer mecanismos de descentralizaci\u00f3n hacia los gobiernos locales para fortalecer la capacidad de intervenci\u00f3n de conflictos de menor cuant\u00eda pero sobre la base de la clasificaci\u00f3n entre contravenciones, delitos comunes y complejos. Hoy se requiere de mayor empat\u00eda para resolver los conflictos,  de conocimiento del territorio y de entender que la democracia es el mejor sistema de gobierno posible\u201d, se\u00f1al\u00f3..<br \/>\n Pilares de las pol\u00edticas p\u00fablicas en materia de seguridad<br \/>\n Capitanich insisti\u00f3 en la instalaci\u00f3n de tres pilares de las pol\u00edticas p\u00fablicas son la infraestructura, los recursos humanos y la participaci\u00f3n comunitaria. Destac\u00f3 la importancia de la tecnolog\u00eda y las instalaciones adecuadas, as\u00ed como la formaci\u00f3n del personal, para mejorar la eficiencia en la administraci\u00f3n p\u00fablica. Tambi\u00e9n  puso \u00e9nfasis que la participaci\u00f3n de la comunidad es esencial para abordar los conflictos y lograr una gobernanza efectiva en una sociedad diversa.<br \/>\nEl gobernador detall\u00f3 que el primero de estos pilares tiene que ver con la infraestructura, la tecnolog\u00eda y las instalaciones necesarias para el desarrollo eficiente de las actividades gubernamentales. Destac\u00f3 aqu\u00ed, la importancia de utilizar plataformas digitales para simplificar los tr\u00e1mites administrativos y liberar recursos que puedan ser utilizados en tareas m\u00e1s relevantes, como el entrenamiento del personal policial.<br \/>\nEl segundo pilar se centra en los recursos humanos y marc\u00f3 la necesidad de una formaci\u00f3n adecuada y procesos sistem\u00e1ticos de capacitaci\u00f3n. Se\u00f1al\u00f3 como fundamental contar con personal calificado para el buen funcionamiento de las pol\u00edticas p\u00fablicas y la prestaci\u00f3n de servicios eficientes a la comunidad.<br \/>\nY finalmente el tercer pilar que tiene  es la participaci\u00f3n comunitaria, que debe ser considerada esencial en una sociedad heterog\u00e9nea y con una crisis de representaci\u00f3n. \u201cSin  la participaci\u00f3n de la comunidad y la gesti\u00f3n de conflictos, la gobernanza se vuelve inmanejable\u201d, dijo. En este punto, marc\u00f3 la importancia de la organizaci\u00f3n comunitaria y la participaci\u00f3n ciudadana para establecer mecanismos de administraci\u00f3n de conflictos y lograr el orden social de manera m\u00e1s efectiva.<br \/>\n\u201cNo es posible mantener el orden jur\u00eddico si existe un orden social injusto e inequitativo\u201d<br \/>\nEl gobernador Capitanich plante\u00f3 en su discurso que no es posible mantener un orden jur\u00eddico si existe un orden social injusto e inequitativo.  \u201cEl orden jur\u00eddico debe abordar y equilibrar las desigualdades estructurales preexistentes en la sociedad para poder responder de manera adecuada a los conflictos que surgen de ese orden social injusto\u201d, dijo<br \/>\n\u201cNo es solamente pretendiendo imponer un orden a contrafuego como de lugar, como se resuelven los problemas.  Sino entendiendo que el di\u00e1logo debe ser una herramienta principal\u00edsima en democracia y que los mecanismos de rigurosidad del orden p\u00fablico deben formar parte de una conciencia y una voluntad global de todos los actores de la sociedad . Esto implica tambi\u00e9n una transformaci\u00f3n de car\u00e1cter cultural\u201d, enfatiz\u00f3.<br \/>\nEl problema de la seguridad, constituye un problema din\u00e1mico y no est\u00e1tico. \u201dLas sociedades cambiantes requieren que los gobiernos sean creativos en su enfoque para abordar los conflictos de manera diferente y evitar que se vuelvan insuperables. No se solucionan los problemas simplemente imponiendo un orden autoritario, sino a trav\u00e9s del di\u00e1logo y la participaci\u00f3n ciudadana\u201d, se\u00f1al\u00f3 el gobernador.<br \/>\nCapitanich reconoci\u00f3 que a menudo este tipo de transformaciones requieren m\u00e1s tiempo del que la ciudadan\u00eda est\u00e1 dispuesta a esperar, pero al mismo tiempo son necesarias para mejorar la calidad de vida de la poblaci\u00f3n.<\/p>\n","protected":false},"excerpt":{"rendered":"<p>En la apertura del 4to. Congreso Internacional de Polic\u00eda de Proximidad y Mediaci\u00f3n Policial que se realiza en la ciudad de Resistencia, el gobernador Jorge Capitanich traz\u00f3 l\u00edneas de acci\u00f3n de las pol\u00edticas de seguridad en la provincia del Chaco y marc\u00f3 la importancia del di\u00e1logo y la participaci\u00f3n comunitaria como mecanismos de resoluci\u00f3n de [&hellip;]<\/p>\n","protected":false},"author":1,"featured_media":21533,"comment_status":"closed","ping_status":"closed","sticky":false,"template":"","format":"standard","meta":{"footnotes":""},"categories":[6],"tags":[],"class_list":{"0":"post-21532","1":"post","2":"type-post","3":"status-publish","4":"format-standard","5":"has-post-thumbnail","7":"category-chaco"},"_links":{"self":[{"href":"https:\/\/chacosintesis.com.ar\/index.php\/wp-json\/wp\/v2\/posts\/21532","targetHints":{"allow":["GET"]}}],"collection":[{"href":"https:\/\/chacosintesis.com.ar\/index.php\/wp-json\/wp\/v2\/posts"}],"about":[{"href":"https:\/\/chacosintesis.com.ar\/index.php\/wp-json\/wp\/v2\/types\/post"}],"author":[{"embeddable":true,"href":"https:\/\/chacosintesis.com.ar\/index.php\/wp-json\/wp\/v2\/users\/1"}],"replies":[{"embeddable":true,"href":"https:\/\/chacosintesis.com.ar\/index.php\/wp-json\/wp\/v2\/comments?post=21532"}],"version-history":[{"count":0,"href":"https:\/\/chacosintesis.com.ar\/index.php\/wp-json\/wp\/v2\/posts\/21532\/revisions"}],"wp:featuredmedia":[{"embeddable":true,"href":"https:\/\/chacosintesis.com.ar\/index.php\/wp-json\/wp\/v2\/media\/21533"}],"wp:attachment":[{"href":"https:\/\/chacosintesis.com.ar\/index.php\/wp-json\/wp\/v2\/media?parent=21532"}],"wp:term":[{"taxonomy":"category","embeddable":true,"href":"https:\/\/chacosintesis.com.ar\/index.php\/wp-json\/wp\/v2\/categories?post=21532"},{"taxonomy":"post_tag","embeddable":true,"href":"https:\/\/chacosintesis.com.ar\/index.php\/wp-json\/wp\/v2\/tags?post=21532"}],"curies":[{"name":"wp","href":"https:\/\/api.w.org\/{rel}","templated":true}]}}