{"id":21520,"date":"2023-05-11T19:32:30","date_gmt":"2023-05-11T22:32:30","guid":{"rendered":"https:\/\/chacosintesis.com.ar\/?p=21520"},"modified":"2023-05-11T19:37:02","modified_gmt":"2023-05-11T22:37:02","slug":"el-superior-tribunal-de-justicia-ordeno-readecuar-politica-penitenciaria-en-el-chaco","status":"publish","type":"post","link":"https:\/\/chacosintesis.com.ar\/index.php\/el-superior-tribunal-de-justicia-ordeno-readecuar-politica-penitenciaria-en-el-chaco\/","title":{"rendered":"El Superior Tribunal de Justicia orden\u00f3 readecuar pol\u00edtica penitenciaria en el Chaco"},"content":{"rendered":"<p>El plan deber\u00e1 trazarse de acuerdo con las necesidades y particularidades de los establecimientos.<br \/>\nEl Superior Tribunal de Justicia del Chaco hizo lugar a un habeas corpus colectivo y correctivo a favor de las personas condenadas que est\u00e1n alojadas en comisar\u00edas de toda la provincia y orden\u00f3 al Ministerio de Seguridad y Justicia que proponga un plan de readecuaci\u00f3n de la pol\u00edtica penitenciaria. La decisi\u00f3n respondi\u00f3 a la presentaci\u00f3n hecha por defensoras y defensores oficiales de las seis circunscripciones judiciales.<br \/>\nEl plan deber\u00e1 trazarse de acuerdo con las necesidades y particularidades de los establecimientos. Para ello las condiciones edilicias tanto de las dependencias policiales como de las penitenciar\u00edas ser\u00e1n adecuadas de modo que cumplan con el marco normativo aplicable y al desarrollo de acciones orientadas a asegurar la vigencia concreta de los derechos humanos de las personas privadas de libertad.<br \/>\nAdem\u00e1s, la sentencia 135\/23 de la Secretar\u00eda de Asuntos Constitucionales N\u00ba 3, requiri\u00f3 a Procuraci\u00f3n General, Defensor\u00eda General, juzgados de Ejecuci\u00f3n Penal y cualquier otra autoridad competente que determinen la situaci\u00f3n procesal de las personas alojadas en las comisar\u00edas provinciales para coordinar los traslados de quienes tengan condena firme a las dependencias correspondientes. Esto se har\u00e1 con la mayor premura posible, en forma gradual y paulatina con el fin de corregir con celeridad la situaci\u00f3n \u201chasta alcanzar los niveles de equilibrio que garanticen la adecuaci\u00f3n a las reglas m\u00ednimas para el tratamiento de reclusos\u201d. Tambi\u00e9n orden\u00f3 que estas medidas sean coordinadas entre la Jefatura de Polic\u00eda y el Servicio Penitenciario Provincial.<br \/>\nFinalmente, el STJ inst\u00f3 a las autoridades y organismos a que contin\u00faen trabajando en las mesas conformadas a partir de las sentencias 4\/17, 183\/18, 52\/20 y 238\/20.<br \/>\nFuente: STJ<\/p>\n","protected":false},"excerpt":{"rendered":"<p>El plan deber\u00e1 trazarse de acuerdo con las necesidades y particularidades de los establecimientos. El Superior Tribunal de Justicia del Chaco hizo lugar a un habeas corpus colectivo y correctivo a favor de las personas condenadas que est\u00e1n alojadas en comisar\u00edas de toda la provincia y orden\u00f3 al Ministerio de Seguridad y Justicia que proponga [&hellip;]<\/p>\n","protected":false},"author":1,"featured_media":21521,"comment_status":"closed","ping_status":"closed","sticky":false,"template":"","format":"standard","meta":{"footnotes":""},"categories":[6],"tags":[],"class_list":{"0":"post-21520","1":"post","2":"type-post","3":"status-publish","4":"format-standard","5":"has-post-thumbnail","7":"category-chaco"},"_links":{"self":[{"href":"https:\/\/chacosintesis.com.ar\/index.php\/wp-json\/wp\/v2\/posts\/21520","targetHints":{"allow":["GET"]}}],"collection":[{"href":"https:\/\/chacosintesis.com.ar\/index.php\/wp-json\/wp\/v2\/posts"}],"about":[{"href":"https:\/\/chacosintesis.com.ar\/index.php\/wp-json\/wp\/v2\/types\/post"}],"author":[{"embeddable":true,"href":"https:\/\/chacosintesis.com.ar\/index.php\/wp-json\/wp\/v2\/users\/1"}],"replies":[{"embeddable":true,"href":"https:\/\/chacosintesis.com.ar\/index.php\/wp-json\/wp\/v2\/comments?post=21520"}],"version-history":[{"count":0,"href":"https:\/\/chacosintesis.com.ar\/index.php\/wp-json\/wp\/v2\/posts\/21520\/revisions"}],"wp:featuredmedia":[{"embeddable":true,"href":"https:\/\/chacosintesis.com.ar\/index.php\/wp-json\/wp\/v2\/media\/21521"}],"wp:attachment":[{"href":"https:\/\/chacosintesis.com.ar\/index.php\/wp-json\/wp\/v2\/media?parent=21520"}],"wp:term":[{"taxonomy":"category","embeddable":true,"href":"https:\/\/chacosintesis.com.ar\/index.php\/wp-json\/wp\/v2\/categories?post=21520"},{"taxonomy":"post_tag","embeddable":true,"href":"https:\/\/chacosintesis.com.ar\/index.php\/wp-json\/wp\/v2\/tags?post=21520"}],"curies":[{"name":"wp","href":"https:\/\/api.w.org\/{rel}","templated":true}]}}