{"id":21512,"date":"2023-05-11T19:21:06","date_gmt":"2023-05-11T22:21:06","guid":{"rendered":"https:\/\/chacosintesis.com.ar\/?p=21512"},"modified":"2023-05-11T19:37:00","modified_gmt":"2023-05-11T22:37:00","slug":"came-y-el-gobierno-nacional-buscan-potenciar-el-mercado-de-consumo-para-las-pymes","status":"publish","type":"post","link":"https:\/\/chacosintesis.com.ar\/index.php\/came-y-el-gobierno-nacional-buscan-potenciar-el-mercado-de-consumo-para-las-pymes\/","title":{"rendered":"CAME y el gobierno nacional buscan potenciar el mercado de consumo para las pymes"},"content":{"rendered":"<p>El presidente de la Confederaci\u00f3n Argentina de la Mediana Empresa (CAME), Alfredo Gonz\u00e1lez, se reuni\u00f3 hoy con el ministro del Interior, Eduardo \u201cWado\u201d de Pedro, para potenciar a las pymes argentinas a nivel nacional e internacional. En tal sentido, ambos dialogaron sobre la necesidad de realizar durante este a\u00f1o un evento espec\u00edfico para que las peque\u00f1as y medianas empresas de todo el pa\u00eds puedan fortalecerse en el mercado interno y en el externo.<br \/>\nPor \u00faltimo, tanto Gonz\u00e1lez como De Pedro coincidieron en resaltar el rol de las pymes en el proceso de recuperaci\u00f3n econ\u00f3mica y en el car\u00e1cter federal que tiene CAME a trav\u00e9s de su extendida red de federaciones y c\u00e1maras vinculadas al comercio, los servicios, la industria, la construcci\u00f3n y las econom\u00edas regionales del pa\u00eds.<\/p>\n","protected":false},"excerpt":{"rendered":"<p>El presidente de la Confederaci\u00f3n Argentina de la Mediana Empresa (CAME), Alfredo Gonz\u00e1lez, se reuni\u00f3 hoy con el ministro del Interior, Eduardo \u201cWado\u201d de Pedro, para potenciar a las pymes argentinas a nivel nacional e internacional. En tal sentido, ambos dialogaron sobre la necesidad de realizar durante este a\u00f1o un evento espec\u00edfico para que las [&hellip;]<\/p>\n","protected":false},"author":1,"featured_media":21513,"comment_status":"closed","ping_status":"closed","sticky":false,"template":"","format":"standard","meta":{"footnotes":""},"categories":[6],"tags":[],"class_list":{"0":"post-21512","1":"post","2":"type-post","3":"status-publish","4":"format-standard","5":"has-post-thumbnail","7":"category-chaco"},"_links":{"self":[{"href":"https:\/\/chacosintesis.com.ar\/index.php\/wp-json\/wp\/v2\/posts\/21512","targetHints":{"allow":["GET"]}}],"collection":[{"href":"https:\/\/chacosintesis.com.ar\/index.php\/wp-json\/wp\/v2\/posts"}],"about":[{"href":"https:\/\/chacosintesis.com.ar\/index.php\/wp-json\/wp\/v2\/types\/post"}],"author":[{"embeddable":true,"href":"https:\/\/chacosintesis.com.ar\/index.php\/wp-json\/wp\/v2\/users\/1"}],"replies":[{"embeddable":true,"href":"https:\/\/chacosintesis.com.ar\/index.php\/wp-json\/wp\/v2\/comments?post=21512"}],"version-history":[{"count":0,"href":"https:\/\/chacosintesis.com.ar\/index.php\/wp-json\/wp\/v2\/posts\/21512\/revisions"}],"wp:featuredmedia":[{"embeddable":true,"href":"https:\/\/chacosintesis.com.ar\/index.php\/wp-json\/wp\/v2\/media\/21513"}],"wp:attachment":[{"href":"https:\/\/chacosintesis.com.ar\/index.php\/wp-json\/wp\/v2\/media?parent=21512"}],"wp:term":[{"taxonomy":"category","embeddable":true,"href":"https:\/\/chacosintesis.com.ar\/index.php\/wp-json\/wp\/v2\/categories?post=21512"},{"taxonomy":"post_tag","embeddable":true,"href":"https:\/\/chacosintesis.com.ar\/index.php\/wp-json\/wp\/v2\/tags?post=21512"}],"curies":[{"name":"wp","href":"https:\/\/api.w.org\/{rel}","templated":true}]}}