{"id":21510,"date":"2023-05-11T19:17:08","date_gmt":"2023-05-11T22:17:08","guid":{"rendered":"https:\/\/chacosintesis.com.ar\/?p=21510"},"modified":"2023-05-11T19:36:59","modified_gmt":"2023-05-11T22:36:59","slug":"apoyo-provincial-al-financiamiento-de-industrias-culturales-mediante-plataformas-digitales","status":"publish","type":"post","link":"https:\/\/chacosintesis.com.ar\/index.php\/apoyo-provincial-al-financiamiento-de-industrias-culturales-mediante-plataformas-digitales\/","title":{"rendered":"Apoyo provincial al financiamiento de industrias culturales mediante plataformas digitales"},"content":{"rendered":"<p>La iniciativa propone igualdad de condiciones tributarias en beneficio de las plataformas nacionales de streaming frente a las extranjeras. El objetivo es fomentar las producciones audiovisuales argentinas e incrementar los fondos de financiamiento disponibles para todas las expresiones art\u00edsticas del pa\u00eds, generando empleo para miles de hacedores culturales.<br \/>\nEl gobernador Jorge Capitanich ratific\u00f3 el apoyo del Chaco al proyecto de ley de financiamiento de las industrias culturales mediante plataformas digitales, en beneficio de todas las disciplinas art\u00edsticas de alcance federal. La iniciativa fue expuesta en la primera asamblea del Consejo Federal de Cultura, realizada el 19 de abril en Buenos Aires, y presentada este jueves en Casa de Gobierno por sus principales impulsores, entre ellos el diputado nacional por C\u00f3rdoba, Pablo Carro.<br \/>\nEstuvieron presentes el presidente del Instituto de Cultura, Francisco Romero; la directora de Medios P\u00fablicos, Guillermina Capitanich; la diputada nacional chaque\u00f1a, Lucila Masin y la diputada provincial Mariela Quir\u00f3s; el coordinador de la Multisectorial Audiovisual Nacional, Guillermo Tello; la directora de Acci\u00f3n Federal del Ministerio de Cultura de la Naci\u00f3n, Marina Aranda; adem\u00e1s del secretario general de SATSAID, Horacio Arreceygor y la cosecretaria de Cultura de la CGT, Bel\u00e9n Ratto, entre otras y otros representantes de la cultura nacional y local.<br \/>\nEl proyecto propone igualdad de condiciones tributarias para las plataformas nacionales de streaming frente a las extranjeras, reinvirtiendo y generando trabajo en la diversidad de los territorios. Esta regulaci\u00f3n mejora la competitividad de grandes y peque\u00f1as productoras y ampl\u00eda la oferta laboral de miles de artistas en general, actores, m\u00fasicos, periodistas, creadores, productores y t\u00e9cnicos argentinos. &#8220;El derecho a la cultura tiene que ser un derecho donde el Estado cumpla un rol fundamental, para financiarlo y subsidiarlo. Es parte de la alimentaci\u00f3n del esp\u00edritu, sin lo cual no se puede sobrevivir en un mundo tan complejo y cambiante como este\u201d, expres\u00f3 Capitanich, y anticip\u00f3 que llevar\u00e1 el proyecto a la pr\u00f3xima asamblea de gobernadores del Norte Grande.<br \/>\n&#8220;La industria cultural es clave en el pa\u00eds: tiene hoy el tres por ciento del producto bruto interno y genera m\u00e1s de 500 mil empleos, con una gran cadena productiva que incluye a trabajadores de diferentes sectores. Es un gran vector de generaci\u00f3n de empleo y crecimiento\u201d, sostuvo el gobernador. Adem\u00e1s, asegur\u00f3 que es posible generar las condiciones de vinculaci\u00f3n del mercado de capitales con el sistema financiero para generar un mecanismo de financiamiento para la producci\u00f3n audiovisual. \u201cLa Bolsa de Comercio del Chaco tiene una movilizaci\u00f3n de recursos de entre 3 mil a 5 mil millones de d\u00f3lares por a\u00f1o y la verdad es que perfectamente se podr\u00edan financiar proyectos de las industrias culturales. Si efectivamente tenemos la capacidad de constituir un fondo espec\u00edfico para la colocaci\u00f3n en el mercado de capitales, podemos securitizar el flujo y garantizar mecanismos de repagos como lo hacemos para el equipamiento de consorcios camineros\u201d, consider\u00f3.<br \/>\nLa iniciativa establece que los prestadores de servicios audiovisuales de libre transmisi\u00f3n disponibles en la red de internet abierta, que operen o comercialicen servicios en Argentina, tributen un gravamen proporcional a su facturaci\u00f3n bruta correspondiente a publicidad tradicional y no tradicional, abonos y todo otro concepto derivado de la explotaci\u00f3n de dichos servicios: del 3% para el caso de servicios extranjeros y del 1,5 % para el caso de servicios nacionales.<br \/>\nEl 70% del total de lo recaudado ser\u00eda destinado por la autoridad de aplicaci\u00f3n a co-financiar proyectos de producci\u00f3n audiovisual nacionales y el 30% restante a desplegar proyectos de inversi\u00f3n de infraestructura en localidades que cuenten con servicios de banda ancha con velocidades de transmisi\u00f3n como m\u00ednimo dos veces m\u00e1s lenta que el promedio nacional.<br \/>\n\u201cEso significa descentralizar estrategias de constituci\u00f3n de polos audiovisuales para que tengan un sentido federal. Emprendimientos de esta naturaleza nos pueden permitir acrecentar el volumen de empleo, porque es una cadena de valor extraordinaria\u201d, sostuvo Capitanich, y defendi\u00f3 la idea de fijar un gravamen a las plataformas \u201cya que el Estado argentino debe tener capacidad regulatoria que ponga l\u00edmites al af\u00e1n corporativo y que garantice distribuci\u00f3n de ingresos para construir una sociedad abierta, plural y democr\u00e1tica, con distribuci\u00f3n equitativa del ingreso\u201d.<br \/>\n\u201cLas corporaciones se apropiaron de los vectores de construcci\u00f3n de identidad y al haber concentraci\u00f3n medi\u00e1tica no hay pluralismo ni democracia. Eso se resuelve generando conciencia a trav\u00e9s de la creatividad de los contenidos audiovisuales, con una cultura abierta con promoci\u00f3n de valores identitarios\u201d, afirm\u00f3, y breg\u00f3 para que el tratamiento en el Congreso de la Naci\u00f3n avance r\u00e1pidamente porque &#8220;cada d\u00eda que se pierde es trabajo que no se genera&#8221;.<br \/>\nSoberan\u00eda e identidad nacional<br \/>\nEl diputado nacional Pablo Carro indic\u00f3 que en el pa\u00eds la cultura es \u201cel sexto agregador de valor en la cadena productiva econ\u00f3mica, pero actualmente los recursos son escasos\u201d. \u201cLa forma en la que miramos pel\u00edculas y escuchamos m\u00fasica cambi\u00f3, lo hacemos a trav\u00e9s de plataformas de streaming, que son empresas trasnacionales que venden un servicio a la Argentina, a quienes pagamos en d\u00f3lares pero no pagan impuestos\u201d, detall\u00f3, y por eso el objetivo es encuadrarlas como un servicio de comunicaci\u00f3n audiovisual.<br \/>\n\u201cAs\u00ed vamos a lograr que tributen en el pa\u00eds y generar fondos para la cultura\u201d, explic\u00f3 Carro, y agreg\u00f3 que adem\u00e1s se les podr\u00e1 exigir que cumplan con la ley para que haya cuota de pantalla, con producci\u00f3n y estrenos nacionales y de productoras independientes. \u201cHabr\u00e1 m\u00e1s trabajo para nuestros artistas y producciones independientes; lo que es importante en t\u00e9rminos de soberan\u00eda e identidad nacional\u201d, expres\u00f3, aclar\u00f3 que lo que se propone no es un nuevo impuesto, sino que las empresas extranjeras tengan las mismas condiciones y obligaciones que las nacionales.<br \/>\nPol\u00edticas p\u00fablicas federales<br \/>\nFrancisco Romero destac\u00f3 que el encuentro fue \u201csumamente significativo\u201d porque es parte del proceso que hay que hacer para un proyecto de Ley de nuevo financiamiento de pol\u00edtica p\u00fablica cultural en clave federal. \u201cPretendemos que las plataformas digitales de contenido audiovisual, que son por donde circula hoy el grueso de la producci\u00f3n cultural pero que no dejan las riquezas en el pa\u00eds, tengan un gravamen para financiar pol\u00edticas p\u00fablicas culturales federales, que contribuyan a desandar la desigualdad en la redistribuci\u00f3n de los recursos\u201d, remarc\u00f3.<br \/>\nGuillermo Tello por su parte destac\u00f3 la importancia de avanzar sobre el desarrollo de fomento para todas las \u00e1reas culturales. \u201cEsta experiencia fue muy importante ya que es la primera vez que logramos unir a todos los referentes vinculados al \u00e1rea de la cultura a trabajar, lo cual es una realidad que nunca hab\u00edamos tenido y encontramos en esta composici\u00f3n del Consejo Federal de Cultura un compromiso que nunca antes hab\u00edamos visto. Hay que creer m\u00e1s en la cultura como desarrollador productivo, pensar en las capacidades no solo de identidad y diversidad cultural para nuestra sociedad sino tambi\u00e9n que somos capaces de hacer un aporte a la construcci\u00f3n de la patria\u201d, manifest\u00f3.<\/p>\n","protected":false},"excerpt":{"rendered":"<p>La iniciativa propone igualdad de condiciones tributarias en beneficio de las plataformas nacionales de streaming frente a las extranjeras. El objetivo es fomentar las producciones audiovisuales argentinas e incrementar los fondos de financiamiento disponibles para todas las expresiones art\u00edsticas del pa\u00eds, generando empleo para miles de hacedores culturales. El gobernador Jorge Capitanich ratific\u00f3 el apoyo [&hellip;]<\/p>\n","protected":false},"author":1,"featured_media":21511,"comment_status":"closed","ping_status":"closed","sticky":false,"template":"","format":"standard","meta":{"footnotes":""},"categories":[6],"tags":[],"class_list":{"0":"post-21510","1":"post","2":"type-post","3":"status-publish","4":"format-standard","5":"has-post-thumbnail","7":"category-chaco"},"_links":{"self":[{"href":"https:\/\/chacosintesis.com.ar\/index.php\/wp-json\/wp\/v2\/posts\/21510","targetHints":{"allow":["GET"]}}],"collection":[{"href":"https:\/\/chacosintesis.com.ar\/index.php\/wp-json\/wp\/v2\/posts"}],"about":[{"href":"https:\/\/chacosintesis.com.ar\/index.php\/wp-json\/wp\/v2\/types\/post"}],"author":[{"embeddable":true,"href":"https:\/\/chacosintesis.com.ar\/index.php\/wp-json\/wp\/v2\/users\/1"}],"replies":[{"embeddable":true,"href":"https:\/\/chacosintesis.com.ar\/index.php\/wp-json\/wp\/v2\/comments?post=21510"}],"version-history":[{"count":0,"href":"https:\/\/chacosintesis.com.ar\/index.php\/wp-json\/wp\/v2\/posts\/21510\/revisions"}],"wp:featuredmedia":[{"embeddable":true,"href":"https:\/\/chacosintesis.com.ar\/index.php\/wp-json\/wp\/v2\/media\/21511"}],"wp:attachment":[{"href":"https:\/\/chacosintesis.com.ar\/index.php\/wp-json\/wp\/v2\/media?parent=21510"}],"wp:term":[{"taxonomy":"category","embeddable":true,"href":"https:\/\/chacosintesis.com.ar\/index.php\/wp-json\/wp\/v2\/categories?post=21510"},{"taxonomy":"post_tag","embeddable":true,"href":"https:\/\/chacosintesis.com.ar\/index.php\/wp-json\/wp\/v2\/tags?post=21510"}],"curies":[{"name":"wp","href":"https:\/\/api.w.org\/{rel}","templated":true}]}}