{"id":21490,"date":"2023-05-11T18:48:58","date_gmt":"2023-05-11T21:48:58","guid":{"rendered":"https:\/\/chacosintesis.com.ar\/?p=21490"},"modified":"2023-05-11T19:06:47","modified_gmt":"2023-05-11T22:06:47","slug":"el-norte-grande-apoya-el-proyecto-de-regulacion-de-plataformas-digitales","status":"publish","type":"post","link":"https:\/\/chacosintesis.com.ar\/index.php\/el-norte-grande-apoya-el-proyecto-de-regulacion-de-plataformas-digitales\/","title":{"rendered":"El Norte Grande apoya el proyecto de regulaci\u00f3n de plataformas digitales"},"content":{"rendered":"<p>Esta ma\u00f1ana en el Sal\u00f3n Obligado se present\u00f3 el proyecto de ley sobre \u201cComunicaci\u00f3n Audiovisual en Plataformas Digitales\u201d, una iniciativa que busca regular a estas empresas de la industria audiovisual y generar un fondo federal de financiamiento de la industria cultural argentina. El gobernador Jorge Capitanich acompa\u00f1\u00f3 la presentaci\u00f3n junto al diputado nacional, Pablo Carro, autor de la propuesta. \u201cNosotros lo que pretendemos es encuadrar a las plataformas como un servicio de comunicaci\u00f3n audiovisual y eso nos va a permitir que tributen para generar fondos que financian las producciones art\u00edsticas locales y paguen cuota de pantalla, con m\u00e1s estrenos nacionales e independientes; y a la vez que podamos ver en las provincias nuestros propios canales\u201d, dijo el legislador nacional.<br \/>\nEl mandatario chaque\u00f1o expres\u00f3 su apoyo a la propuesta porque permitir\u00e1 dise\u00f1ar una Ley de Financiamiento Cultural Federal para el fomento de las Industrias Culturales Argentina y fortalecer el sector. Al encuaderse a estas plataformas como servicios de comunicaci\u00f3n audiovisuales, permite que los impuestos que tributan sean destinados a financiar las producciones art\u00edsticas nacionales, generando empleo genuino a todas y todos los hacedores culturales.<br \/>\nAcompa\u00f1aron al gobernador funcionarios del Instituto de Cultura, junto a los legisladores nacionales Pablo Carro, Luciala Masin, Juan Manuel Pedrini y Aldo Leiva y la diputada provincial Mariela Quir\u00f3s. De manera virtual estuvieron presentes legisladores del Norte Grande de las provincias de Jujuy, Salta, Catamarca, Formosa, Misiones y Corrientes y representantes de la Multisectorial Cultural Nacional. A trav\u00e9s de la proyecci\u00f3n de v\u00eddeos breves, estuvieron presentes artistas como Le\u00f3n Gieco, Susana Rinaldi, Jorge Marrale, Ale Dar\u00edn y Sergio Vainman. Del \u00e1mbito local acompa\u00f1aron representantes de la m\u00fasica, teatro, editoriales, danza, audiovisualistas, gastronom\u00eda, hip hop y dise\u00f1o.<br \/>\nEsta propuesta cuenta con el compromiso chaque\u00f1o y del Norte Grande para construir una pol\u00edtica de comunicaci\u00f3n y cultura nacional y federal en plataformas digitales. \u201cEsto nos permitir\u00e1 generar recursos y cambiar la l\u00f3gica de la industria cultural, permiti\u00e9ndonos en Am\u00e9rica Latina ser un pa\u00eds exportador de audiovisuales.<br \/>\n&#8220;Es imprescindible que tengamos m\u00e1s federalismos y pluralidad en la producci\u00f3n y el consumo cultural. Tambi\u00e9n necesitamos que nuestras producciones se vean en el exterior porque tenemos producciones de calidad\u201d, dijo el legislador cordob\u00e9s. Y a\u00f1adi\u00f3: \u201cSi nosotros podemos regular esta actividad, multiplicamos el trabajo argentino, la recaudaci\u00f3n impositiva, exportaciones y trabajo digno para nuestros artistas\u201d.<br \/>\nEsp\u00edritu de la ley<br \/>\nEntre los objetivos de este proyectio est\u00e1n:<br \/>\n&#8211; Actualizar las definiciones sobre la comunicaci\u00f3n audiovisual y sus v\u00ednculos con las actividades e industrias culturales. En los \u00faltimos 15 a\u00f1os se modific\u00f3 la forma de distribuci\u00f3n, exhibici\u00f3n y h\u00e1bitos de visionado de los contenidos audiovisuales de informaci\u00f3n, educaci\u00f3n y entretenimiento.<br \/>\n&#8211; Busca generar paridad en la producci\u00f3n y distribuci\u00f3n de contenidos; adem\u00e1s de la tutela de derechos de las audiencias y usuarios.<br \/>\nPara el fomento de las actividades audiovisuales nacionales:<br \/>\n&#8211; Generar pisos m\u00ednimos de presencia y permanencia de producciones argentinas dentro de los cat\u00e1logos de las plataformas de streaming.<br \/>\n&#8211; Incrementar los fondos para el financiamiento diverso con distribuciones federales.<br \/>\nCon esta regulaci\u00f3n, se mejora la competitividad de grandes y peque\u00f1as productoras y ampliar las posibilidades de cientos de artistas y trabajadores culturales.<\/p>\n","protected":false},"excerpt":{"rendered":"<p>Esta ma\u00f1ana en el Sal\u00f3n Obligado se present\u00f3 el proyecto de ley sobre \u201cComunicaci\u00f3n Audiovisual en Plataformas Digitales\u201d, una iniciativa que busca regular a estas empresas de la industria audiovisual y generar un fondo federal de financiamiento de la industria cultural argentina. El gobernador Jorge Capitanich acompa\u00f1\u00f3 la presentaci\u00f3n junto al diputado nacional, Pablo Carro, [&hellip;]<\/p>\n","protected":false},"author":1,"featured_media":21491,"comment_status":"closed","ping_status":"closed","sticky":false,"template":"","format":"standard","meta":{"footnotes":""},"categories":[6],"tags":[],"class_list":{"0":"post-21490","1":"post","2":"type-post","3":"status-publish","4":"format-standard","5":"has-post-thumbnail","7":"category-chaco"},"_links":{"self":[{"href":"https:\/\/chacosintesis.com.ar\/index.php\/wp-json\/wp\/v2\/posts\/21490","targetHints":{"allow":["GET"]}}],"collection":[{"href":"https:\/\/chacosintesis.com.ar\/index.php\/wp-json\/wp\/v2\/posts"}],"about":[{"href":"https:\/\/chacosintesis.com.ar\/index.php\/wp-json\/wp\/v2\/types\/post"}],"author":[{"embeddable":true,"href":"https:\/\/chacosintesis.com.ar\/index.php\/wp-json\/wp\/v2\/users\/1"}],"replies":[{"embeddable":true,"href":"https:\/\/chacosintesis.com.ar\/index.php\/wp-json\/wp\/v2\/comments?post=21490"}],"version-history":[{"count":0,"href":"https:\/\/chacosintesis.com.ar\/index.php\/wp-json\/wp\/v2\/posts\/21490\/revisions"}],"wp:featuredmedia":[{"embeddable":true,"href":"https:\/\/chacosintesis.com.ar\/index.php\/wp-json\/wp\/v2\/media\/21491"}],"wp:attachment":[{"href":"https:\/\/chacosintesis.com.ar\/index.php\/wp-json\/wp\/v2\/media?parent=21490"}],"wp:term":[{"taxonomy":"category","embeddable":true,"href":"https:\/\/chacosintesis.com.ar\/index.php\/wp-json\/wp\/v2\/categories?post=21490"},{"taxonomy":"post_tag","embeddable":true,"href":"https:\/\/chacosintesis.com.ar\/index.php\/wp-json\/wp\/v2\/tags?post=21490"}],"curies":[{"name":"wp","href":"https:\/\/api.w.org\/{rel}","templated":true}]}}