{"id":21486,"date":"2023-05-11T18:44:52","date_gmt":"2023-05-11T21:44:52","guid":{"rendered":"https:\/\/chacosintesis.com.ar\/?p=21486"},"modified":"2023-05-11T19:06:45","modified_gmt":"2023-05-11T22:06:45","slug":"el-plan-provincial-de-alfabetizacion-alcanzara-a-mas-de-6-000-chaquenas-y-chaquenos","status":"publish","type":"post","link":"https:\/\/chacosintesis.com.ar\/index.php\/el-plan-provincial-de-alfabetizacion-alcanzara-a-mas-de-6-000-chaquenas-y-chaquenos\/","title":{"rendered":"El \u201cPlan Provincial de Alfabetizaci\u00f3n\u201d alcanzar\u00e1 a m\u00e1s de 6.000 chaque\u00f1as y chaque\u00f1os"},"content":{"rendered":"<p>Mediante el trabajo de 700 docentes y 40 coordinadores, se promueve la alfabetizaci\u00f3n de j\u00f3venes y adultos que por distintas circunstancias tienen vulnerado este derecho. En una etapa posterior, se garantiza su inclusi\u00f3n en el sistema educativo formal para que puedan terminar la escuela primaria y secundaria e incluso tengan la oportunidad de continuar estudios superiores.<br \/>\nDesde el inicio del ciclo lectivo, el Ministerio de Educaci\u00f3n implementa el &#8220;Plan Provincial de Alfabetizaci\u00f3n 2023&#8221;, destinado a garantizar el derecho a la educaci\u00f3n para aquellas personas que, por diferentes motivos, no pudieron alfabetizarse. Este mi\u00e9rcoles, desde la EPA N\u00b016 \u201cJos\u00e9 Manuel Estrada\u201d de Resistencia, el ministro Aldo Lineras y autoridades de la cartera encabezaron el acto de presentaci\u00f3n formal de las acciones de este programa, que se enmarca en la Ley N\u00b0 1237-E del gobierno de la provincia del Chaco.<br \/>\nDurante el presente a\u00f1o, el Plan Provincial de Alfabetizaci\u00f3n apunta a alcanzar a m\u00e1s de 6 mil ciudadanos y ciudadanas chaque\u00f1as. Estas acciones ser\u00e1n llevadas adelante por 700 alfabetizadoras y alfabetizadores y 40 coordinadoras y coordinadores; tambi\u00e9n se destinar\u00e1n 7.000 Kits de \u00fatiles escolares y 7.000 ejemplares del \u201cLibro Chaque\u00f1o de Alfabetizaci\u00f3n para J\u00f3venes y Adultos\u201d, para uso de los grupos en territorio. Conjuntamente, un equipo de capacitaci\u00f3n conformado por cuatro miembros especialistas en Educaci\u00f3n para J\u00f3venes y Adultos atender\u00e1n a m\u00e1s de 4.000 docentes alfabetizadores y docentes sin cargo de toda la provincia, a trav\u00e9s de la Plataforma `ELE`.<br \/>\nEn el marco de este acto, el ministro Lineras felicit\u00f3 tanto a los y las estudiantes que se incorporaron a alfabetizarse a trav\u00e9s del plan, como al equipo de alfabetizadores que encarna esta iniciativa, manifestando su deseo de que &#8220;sigamos en los pr\u00f3ximos a\u00f1os avanzando por este camino, y que cada persona que pase por el Plan Provincial se vaya incorporando a las otras instancias de formaci\u00f3n de j\u00f3venes y adultos con que contamos en la provincia&#8221;. Finalizado el acto, comparti\u00f3 algunos momentos en el aula con docentes y estudiantes plan que cursan en la EPA N\u00b016.<br \/>\nLa coordinadora del Plan Provincial de Alfabetizaci\u00f3n, Palmira Sotelo destac\u00f3 que este programa &#8220;forma parte de las pol\u00edticas p\u00fablicas del Estado chaque\u00f1o, nace de una necesidad que Argentina supo constituir en derecho: el saber leer y escribir de todos las y los j\u00f3venes y adultos que por distintas razones no completaron su alfabetizaci\u00f3n, abogando por la democracia social en el marco donde se deben afianzar derechos sociales como una manera de que la libertad que se proclama, se traduzca en justicia social&#8221;. En ese sentido, dijo que el gobierno de la provincia del Chaco &#8220;contin\u00faa ligando la pol\u00edtica educativa al proyecto pol\u00edtico del Estado. Esto es la democratizaci\u00f3n e igualdad de oportunidades, ya que a la alfabetizaci\u00f3n la entendemos como la capacidad de hablar, escribir, leer y pensar de una forma cr\u00edtica y productiva que tiene ra\u00edces sociales y ambientales muy profundas\u201d.<br \/>\nA trav\u00e9s de este plan se promueve, en primera instancia, la alfabetizaci\u00f3n de j\u00f3venes y adultos. Luego, se garantiza su inclusi\u00f3n en el sistema educativo formal para que puedan terminar la escuela primaria, contin\u00faen la secundaria y tengan la oportunidad de estudiar en el nivel superior, alcanzando as\u00ed un mejor nivel de vida.<\/p>\n","protected":false},"excerpt":{"rendered":"<p>Mediante el trabajo de 700 docentes y 40 coordinadores, se promueve la alfabetizaci\u00f3n de j\u00f3venes y adultos que por distintas circunstancias tienen vulnerado este derecho. En una etapa posterior, se garantiza su inclusi\u00f3n en el sistema educativo formal para que puedan terminar la escuela primaria y secundaria e incluso tengan la oportunidad de continuar estudios [&hellip;]<\/p>\n","protected":false},"author":1,"featured_media":21487,"comment_status":"closed","ping_status":"closed","sticky":false,"template":"","format":"standard","meta":{"footnotes":""},"categories":[6],"tags":[],"class_list":{"0":"post-21486","1":"post","2":"type-post","3":"status-publish","4":"format-standard","5":"has-post-thumbnail","7":"category-chaco"},"_links":{"self":[{"href":"https:\/\/chacosintesis.com.ar\/index.php\/wp-json\/wp\/v2\/posts\/21486","targetHints":{"allow":["GET"]}}],"collection":[{"href":"https:\/\/chacosintesis.com.ar\/index.php\/wp-json\/wp\/v2\/posts"}],"about":[{"href":"https:\/\/chacosintesis.com.ar\/index.php\/wp-json\/wp\/v2\/types\/post"}],"author":[{"embeddable":true,"href":"https:\/\/chacosintesis.com.ar\/index.php\/wp-json\/wp\/v2\/users\/1"}],"replies":[{"embeddable":true,"href":"https:\/\/chacosintesis.com.ar\/index.php\/wp-json\/wp\/v2\/comments?post=21486"}],"version-history":[{"count":0,"href":"https:\/\/chacosintesis.com.ar\/index.php\/wp-json\/wp\/v2\/posts\/21486\/revisions"}],"wp:featuredmedia":[{"embeddable":true,"href":"https:\/\/chacosintesis.com.ar\/index.php\/wp-json\/wp\/v2\/media\/21487"}],"wp:attachment":[{"href":"https:\/\/chacosintesis.com.ar\/index.php\/wp-json\/wp\/v2\/media?parent=21486"}],"wp:term":[{"taxonomy":"category","embeddable":true,"href":"https:\/\/chacosintesis.com.ar\/index.php\/wp-json\/wp\/v2\/categories?post=21486"},{"taxonomy":"post_tag","embeddable":true,"href":"https:\/\/chacosintesis.com.ar\/index.php\/wp-json\/wp\/v2\/tags?post=21486"}],"curies":[{"name":"wp","href":"https:\/\/api.w.org\/{rel}","templated":true}]}}