{"id":21478,"date":"2023-05-11T18:23:52","date_gmt":"2023-05-11T21:23:52","guid":{"rendered":"https:\/\/chacosintesis.com.ar\/?p=21478"},"modified":"2023-05-11T18:36:46","modified_gmt":"2023-05-11T21:36:46","slug":"chaco-se-suma-a-la-campana-nacional-por-la-educacion","status":"publish","type":"post","link":"https:\/\/chacosintesis.com.ar\/index.php\/chaco-se-suma-a-la-campana-nacional-por-la-educacion\/","title":{"rendered":"Chaco se suma a la Campa\u00f1a Nacional por la Educaci\u00f3n"},"content":{"rendered":"<p>Con la firma del acuerdo, el Chaco se convierte en la primera provincia  del pa\u00eds en rubricar este compromiso por la alfabetizaci\u00f3n inicial.  Capitanich destac\u00f3 que el acuerdo permitir\u00e1 trazar objetivos comunes, visibilizar datos y verificar resultados que  permitan profundizar programas y realizar inversiones m\u00e1s eficientes.<br \/>\nChaco se suma a la Campa\u00f1a Nacional por la Educaci\u00f3n que impulsa Argentinos por la Educaci\u00f3n y se convierte en la primera provincia del pa\u00eds en rubricar este acuerdo de compromiso por la alfabetizaci\u00f3n inicial. El gobernador Jorge Capitanich, junto al ministro de Educaci\u00f3n Aldo Lineras, se reuni\u00f3 este jueves con el director ejecutivo de Argentinos por la Educaci\u00f3n, Ignacio Ibarz\u00e1bal para reafirmar el compromiso y sumarse a la campa\u00f1a nacional.<br \/>\n\u201cSomos la primera provincia del pa\u00eds en rubricar este acuerdo de compromiso por la alfabetizaci\u00f3n inicial que nos permitir\u00e1 trazarnos objetivos comunes, visibilizar datos y verificar resultados que nos permitan profundizar estos programas y realizar inversiones m\u00e1s eficientes\u201d, dijo el gobernador Capitanich.<br \/>\nEn este contexto el gobernador remarc\u00f3: \u201cSabemos que lo que no se mide, no se mejora. Por eso, estamos muy contentos de rubricar este acuerdo de trabajo coordinado para mejorar la eficiencia de los programas de alfabetizaci\u00f3n que ya estamos implementando en toda la provincia\u201d.<br \/>\nArgentinos por la Educaci\u00f3n es una ONG diversa y plural que aglutina a m\u00e1s de 100 organizaciones de diferentes sectores, expertos y especialistas que entienden a la educaci\u00f3n como un compromiso com\u00fan y nacional.<br \/>\nEl gobernador destac\u00f3 que este observatorio publica informes de manera peri\u00f3dica y posicionan a la educaci\u00f3n en el centro del debate p\u00fablico y, de esta forma, se convierten en una de las principales plataformas de datos educativos y fuente de noticias educativas del pa\u00eds.<\/p>\n<p>La campa\u00f1a<br \/>\nLa campa\u00f1a se dise\u00f1\u00f3 luego que el estudio de la ONG arroj\u00f3 como resultados que s\u00f3lo uno de cada tres estudiantes de tercer grado &#8220;entiende lo que lee&#8221;. De esta forma, y dando continuidad a la pol\u00edtica p\u00fablica llevada adelante por el Gobierno chaque\u00f1o, la Provincia se compromete a desarrollar un programa con base en evidencia cient\u00edfica, generar la inversi\u00f3n necesaria para llevar adelante la campa\u00f1a y dar a conocer, de forma anual, los resultados, indicadores y progresos alcanzados.<br \/>\n\u201cTrazamos pol\u00edticas educativas desde una mirada plural y diversa teniendo en cuenta a las y los diferentes actores sociales part\u00edcipes de la educaci\u00f3n\u201d, se\u00f1al\u00f3 el ministro de Educaci\u00f3n, Aldo Lineras, que particip\u00f3 de la reuni\u00f3n<br \/>\nLa ONG Argentinos por la Educaci\u00f3n es un movimiento plural e independiente conformado por distintos sectores de la sociedad; trabajan con datos para conocer el estado de la educaci\u00f3n en el pa\u00eds, generando espacios para que los dirigentes acuerden pol\u00edticas de Estado. En ese sentido, Ignacio Ibarz\u00e1bal manifest\u00f3: &#8220;celebramos que Capitanich se sume al compromiso nacional de priorizar las pol\u00edticas de alfabetizaci\u00f3n del nivel inicial\u201d.<\/p>\n","protected":false},"excerpt":{"rendered":"<p>Con la firma del acuerdo, el Chaco se convierte en la primera provincia del pa\u00eds en rubricar este compromiso por la alfabetizaci\u00f3n inicial. Capitanich destac\u00f3 que el acuerdo permitir\u00e1 trazar objetivos comunes, visibilizar datos y verificar resultados que permitan profundizar programas y realizar inversiones m\u00e1s eficientes. Chaco se suma a la Campa\u00f1a Nacional por la [&hellip;]<\/p>\n","protected":false},"author":1,"featured_media":21479,"comment_status":"closed","ping_status":"closed","sticky":false,"template":"","format":"standard","meta":{"footnotes":""},"categories":[6],"tags":[],"class_list":{"0":"post-21478","1":"post","2":"type-post","3":"status-publish","4":"format-standard","5":"has-post-thumbnail","7":"category-chaco"},"_links":{"self":[{"href":"https:\/\/chacosintesis.com.ar\/index.php\/wp-json\/wp\/v2\/posts\/21478","targetHints":{"allow":["GET"]}}],"collection":[{"href":"https:\/\/chacosintesis.com.ar\/index.php\/wp-json\/wp\/v2\/posts"}],"about":[{"href":"https:\/\/chacosintesis.com.ar\/index.php\/wp-json\/wp\/v2\/types\/post"}],"author":[{"embeddable":true,"href":"https:\/\/chacosintesis.com.ar\/index.php\/wp-json\/wp\/v2\/users\/1"}],"replies":[{"embeddable":true,"href":"https:\/\/chacosintesis.com.ar\/index.php\/wp-json\/wp\/v2\/comments?post=21478"}],"version-history":[{"count":0,"href":"https:\/\/chacosintesis.com.ar\/index.php\/wp-json\/wp\/v2\/posts\/21478\/revisions"}],"wp:featuredmedia":[{"embeddable":true,"href":"https:\/\/chacosintesis.com.ar\/index.php\/wp-json\/wp\/v2\/media\/21479"}],"wp:attachment":[{"href":"https:\/\/chacosintesis.com.ar\/index.php\/wp-json\/wp\/v2\/media?parent=21478"}],"wp:term":[{"taxonomy":"category","embeddable":true,"href":"https:\/\/chacosintesis.com.ar\/index.php\/wp-json\/wp\/v2\/categories?post=21478"},{"taxonomy":"post_tag","embeddable":true,"href":"https:\/\/chacosintesis.com.ar\/index.php\/wp-json\/wp\/v2\/tags?post=21478"}],"curies":[{"name":"wp","href":"https:\/\/api.w.org\/{rel}","templated":true}]}}