{"id":21476,"date":"2023-05-11T18:21:46","date_gmt":"2023-05-11T21:21:46","guid":{"rendered":"https:\/\/chacosintesis.com.ar\/?p=21476"},"modified":"2023-05-11T18:36:45","modified_gmt":"2023-05-11T21:36:45","slug":"la-brigada-operativa-ambiental-realizo-talleres-sobre-conciencia-ambiental-en-la-uegp-n-72-cacique-pelayo","status":"publish","type":"post","link":"https:\/\/chacosintesis.com.ar\/index.php\/la-brigada-operativa-ambiental-realizo-talleres-sobre-conciencia-ambiental-en-la-uegp-n-72-cacique-pelayo\/","title":{"rendered":"La Brigada Operativa Ambiental realiz\u00f3 talleres sobre conciencia ambiental en la UEGP N\u00b0 72 \u201cCacique Pelayo\u201d"},"content":{"rendered":"<p>En la &#8220;Semana de la Literatura&#8221;, la Brigada Operativa Ambiental (BOA) del Ministerio de Ambiente y Desarrollo Territorial Sostenible particip\u00f3, en la UEP N\u00b0 72 &#8220;Cacique Pelayo&#8221;, de una jornada de charlas y talleres did\u00e1cticos sobre temas ambientales.<br \/>\n\u201cEstas instancias de capacitaci\u00f3n ambiental, de manera transversal y en todos los niveles educativos, apuntan  a generar conciencia ambiental con el objeto de educar y cuidar  la flora y fauna chaque\u00f1a\u201d, remarc\u00f3 el coordinador de la BOA, Marcelo Chur\u00edn.<br \/>\nDurante el encuentro se intercambiaron conocimientos con alumnos y alumnas respecto al cuidado del ambiente y los trabajos que se viene realizando. \u201cEl objetivo de la BOA es mantener, proteger y servir a la fauna y flora en todo el \u00e1mbito provincial\u201d, agreg\u00f3.<br \/>\nLa BOA est\u00e1 conformada por varios grupos de intervenci\u00f3n distribuidos en toda la provincia para el control y fiscalizaci\u00f3n, como as\u00ed tambi\u00e9n un grupo de rescate de ejemplares de la fauna silvestre, que luego de ser examinados por t\u00e9cnicos, profesionales, bi\u00f3logos, especialistas y m\u00e9dicos veterinarios, son liberados en su h\u00e1bitat natural.<\/p>\n","protected":false},"excerpt":{"rendered":"<p>En la &#8220;Semana de la Literatura&#8221;, la Brigada Operativa Ambiental (BOA) del Ministerio de Ambiente y Desarrollo Territorial Sostenible particip\u00f3, en la UEP N\u00b0 72 &#8220;Cacique Pelayo&#8221;, de una jornada de charlas y talleres did\u00e1cticos sobre temas ambientales. \u201cEstas instancias de capacitaci\u00f3n ambiental, de manera transversal y en todos los niveles educativos, apuntan a generar [&hellip;]<\/p>\n","protected":false},"author":1,"featured_media":21477,"comment_status":"closed","ping_status":"closed","sticky":false,"template":"","format":"standard","meta":{"footnotes":""},"categories":[6],"tags":[],"class_list":{"0":"post-21476","1":"post","2":"type-post","3":"status-publish","4":"format-standard","5":"has-post-thumbnail","7":"category-chaco"},"_links":{"self":[{"href":"https:\/\/chacosintesis.com.ar\/index.php\/wp-json\/wp\/v2\/posts\/21476","targetHints":{"allow":["GET"]}}],"collection":[{"href":"https:\/\/chacosintesis.com.ar\/index.php\/wp-json\/wp\/v2\/posts"}],"about":[{"href":"https:\/\/chacosintesis.com.ar\/index.php\/wp-json\/wp\/v2\/types\/post"}],"author":[{"embeddable":true,"href":"https:\/\/chacosintesis.com.ar\/index.php\/wp-json\/wp\/v2\/users\/1"}],"replies":[{"embeddable":true,"href":"https:\/\/chacosintesis.com.ar\/index.php\/wp-json\/wp\/v2\/comments?post=21476"}],"version-history":[{"count":0,"href":"https:\/\/chacosintesis.com.ar\/index.php\/wp-json\/wp\/v2\/posts\/21476\/revisions"}],"wp:featuredmedia":[{"embeddable":true,"href":"https:\/\/chacosintesis.com.ar\/index.php\/wp-json\/wp\/v2\/media\/21477"}],"wp:attachment":[{"href":"https:\/\/chacosintesis.com.ar\/index.php\/wp-json\/wp\/v2\/media?parent=21476"}],"wp:term":[{"taxonomy":"category","embeddable":true,"href":"https:\/\/chacosintesis.com.ar\/index.php\/wp-json\/wp\/v2\/categories?post=21476"},{"taxonomy":"post_tag","embeddable":true,"href":"https:\/\/chacosintesis.com.ar\/index.php\/wp-json\/wp\/v2\/tags?post=21476"}],"curies":[{"name":"wp","href":"https:\/\/api.w.org\/{rel}","templated":true}]}}