{"id":21472,"date":"2023-05-10T08:47:45","date_gmt":"2023-05-10T11:47:45","guid":{"rendered":"https:\/\/chacosintesis.com.ar\/?p=21472"},"modified":"2023-05-10T09:08:00","modified_gmt":"2023-05-10T12:08:00","slug":"margarita-belen-festejo-su-aniversario-con-nueva-infraestructura-urbana-cultural-y-de-seguridad","status":"publish","type":"post","link":"https:\/\/chacosintesis.com.ar\/index.php\/margarita-belen-festejo-su-aniversario-con-nueva-infraestructura-urbana-cultural-y-de-seguridad\/","title":{"rendered":"Margarita Bel\u00e9n festej\u00f3 su aniversario con nueva infraestructura urbana, cultural y de seguridad"},"content":{"rendered":"<p>A 133 a\u00f1os de la fundaci\u00f3n de la localidad, el gobernador inaugur\u00f3 la Casa de las Culturas, seis cuadras de pavimento urbano y el Centro de Monitoreo local, adem\u00e1s de constatar el avance de otras ocho cuadras y la refacci\u00f3n y ampliaci\u00f3n de la comisar\u00eda.<\/p>\n<p>El gobernador Jorge Capitanich inaugur\u00f3 este martes m\u00faltiples obras de infraestructura para la comunidad de Margarita Bel\u00e9n, en su 133\u00b0 aniversario. \u201cSi invertimos en seguridad, educaci\u00f3n, cultura, infraestructura y en una multiplicidad de derechos, entonces eso quiere decir que estamos cumpliendo con el legado de nuestros padres fundadores, que imaginaron a esta localidad creciendo de la mano de sus habitantes\u201d, expres\u00f3 el mandatario, acompa\u00f1ado por la vicegobernadora Anal\u00eda Rach Quiroga y el intendente local, Javier Mart\u00ednez.<br \/>\nSe trata de la Casa de las Culturas, seis cuadras de pavimento urbano y el Centro de Monitoreo local, adem\u00e1s de constatar el avance de otras ocho cuadras de obras viales y la refacci\u00f3n y ampliaci\u00f3n de la comisar\u00eda. A su vez, durante el acto central, se realiz\u00f3 una entrega de t\u00edtulos de propiedad, herramientas a emprendedores y kits deportivos a clubes.<br \/>\nLa obra de la Casa de las Culturas demand\u00f3 una inversi\u00f3n de $63.366.328 y fue financiada por el Ministerio de Planificaci\u00f3n, Econom\u00eda e Infraestructura (MPEI). La obra incluy\u00f3 la refacci\u00f3n integral del espacio, d\u00e1ndole prioridad a problemas de humedad que hab\u00eda en el edificio sin modificar la fachada. Entre sus comodidades se encuentra una sala de exposiciones, sanitarios y oficinas, trabajos realizados con mano de obra local.<br \/>\n\u201cEs un edificio maravilloso que garantiza el acceso a la cultura. Es un espacio para aprovechar y desarrollar el arte en toda su capacidad, que es una herramienta m\u00e1s para transformar la calidad de vida de las personas\u201d, valor\u00f3 el mandatario.<br \/>\n En cuanto al pavimento urbano, fueron inauguradas seis cuadras con un presupuesto de $75.007.711 por parte de Vialidad Provincial. La obra consisti\u00f3 en la ejecuci\u00f3n de la calzada de hormig\u00f3n para las calles Pascual, Tomassi y Gerzel, en la entrada de los barrios 140 Viviendas y Marcos Bassi, todas ellas con sus respectivos desag\u00fces pluviales e iluminaci\u00f3n LED, eliminando as\u00ed las cunetas a cielo abierto y mejorando la transitabilidad y seguridad de los ciudadanos del lugar.<br \/>\nAdem\u00e1s, dentro del paquete de pavimento, se encuentran tambi\u00e9n en ejecuci\u00f3n otras ocho cuadras con iluminaci\u00f3n integral LED, que actualmente cuentan con un 20% de avance. Posee una inversi\u00f3n de $157.181.097 por parte del MPEI, y el tramo que abarca se sit\u00faa sobre la Avenida 17 de agosto, entre las calles Juan Pelizardi y 2 de abril.<br \/>\n\u201cEs importante remarcar nuestro compromiso en la construcci\u00f3n de pavimento, un derecho esencial a la calidad de vida de las comunidades. Llegaremos a 50 cuadras en esta gesti\u00f3n y a 150 en nuestras tres gestiones, procurando ampliar ese n\u00famero durante los pr\u00f3ximos cuatro a\u00f1os para llegar a m\u00e1s de 80% de cuadras pavimentadas en 59 municipios chaque\u00f1os de menos de 20 mil habitantes\u201d, afirm\u00f3 el gobernador.<br \/>\nDe la misma forma, el administrador general de Vialidad Provincial, Hugo Varela, coment\u00f3 que \u201cdesde nuestro espacio venimos contribuyendo en el crecimiento de Margarita Bel\u00e9n con muchas cuadras de pavimento que, sabemos de primera mano, los vecinos aprecian mucho. Realmente da gusto ver c\u00f3mo cambia el paisaje urbano de las localidades a partir de esta clase de obras\u201d.<\/p>\n<p>M\u00e1s seguridad para Margarita Bel\u00e9n<br \/>\n En la jornada, Capitanich inaugur\u00f3 el Centro de Monitoreo local, que demand\u00f3 un total de $9.393.277 con financiamiento compartido entre Provincia, Naci\u00f3n y Municipio. Se trata de un espacio que coordinar\u00e1 42 c\u00e1maras distribuidas en lugares estrat\u00e9gicos de la ciudad seg\u00fan un mapa de delitos, que adem\u00e1s trabajar\u00e1n en conjunto con la nueva Guardia Urbana de Margarita Bel\u00e9n.<br \/>\nDicha cuadrilla de seguridad est\u00e1 compuesta por 30 agentes capacitados a partir de un programa creado en diciembre del a\u00f1o pasado, quienes en la oportunidad tambi\u00e9n recibieron dos motocicletas Duke 200cc por parte del Estado para patrullaje.<br \/>\nEn esta l\u00ednea, el gobernador aprovech\u00f3 su visita para realizar una recorrida por la Comisar\u00eda local, donde constat\u00f3 el avance de las obras que se est\u00e1n desarrollando para mejorar el funcionamiento de las fuerzas de seguridad. El proyecto, de $60.920.185 por parte del MPEI, abarca no solamente la reparaci\u00f3n del edificio actual, sino tambi\u00e9n su ampliaci\u00f3n integral en funci\u00f3n de las necesidades existentes para optimizar la calidad de asistencia a la ciudadan\u00eda.<\/p>\n<p>Beneficios para familias, emprendedores y clubes<br \/>\nDurante el acto principal, Capitanich hizo entrega de 49 t\u00edtulos de propiedad a vecinos y vecinas de Margarita Bel\u00e9n, los cuales permitir\u00e1n la garant\u00eda jur\u00eddica sobre el inmueble en el que residen.<br \/>\n\u201cHoy entregamos simb\u00f3licamente estos t\u00edtulos, pero vamos a llegar a 240 t\u00edtulos de propiedad para muchas familias que tienen la garant\u00eda de la seguridad jur\u00eddica para sus hijos y para sus nietos\u201d, afirm\u00f3 el gobernador, quien tambi\u00e9n destac\u00f3 que se est\u00e1n construyendo 27 viviendas m\u00e1s en Margarita Bel\u00e9n \u201cpara finalizar esta gesti\u00f3n con m\u00e1s de 250 viviendas construidas para garantizar el derecho a la casa propia\u201d.<br \/>\nHay que recordar que el Estado provincial financia el costo de la mensura y escritura, como tambi\u00e9n el asesoramiento para la planificaci\u00f3n urbana y el fortalecimiento de las \u00e1reas catastrales del municipio, con un trabajo articulado entre los Ministerios de Ambiente y Desarrollo Territorial Sostenible y de Gobierno y Trabajo.<br \/>\nAdem\u00e1s, entregaron herramientas y materiales de trabajo a 20 emprendedores y ladrilleros locales por parte del Ministerio de Desarrollo Social, en el marco del programa \u201cEmprendemos Todxs\u201d. A su vez, por parte de la Administraci\u00f3n Provincial del Agua, fueron entregados tambi\u00e9n diferentes tanques de agua para dichas familias benefactoras.<br \/>\nFinalmente, el municipio local recibi\u00f3 numerosos kits deportivos por parte de Loter\u00eda Chaque\u00f1a, compuestos de pelotas, camisetas, pecheras y elementos de entrenamiento para f\u00fatbol, b\u00e1squet y v\u00f3ley, los cuales ser\u00e1n distribuidos a diferentes clubes que lo necesitan.<br \/>\nEn este marco, el intendente Javier Mart\u00ednez agradeci\u00f3 el acompa\u00f1amiento de los trabajadores y sostuvo que \u201cel crecimiento y el desarrollo de una comunidad la logramos con el esfuerzo y el empuje de todos\u201d. Adem\u00e1s, repas\u00f3 las obras inauguradas y remarc\u00f3 que \u201csiempre encontramos respuestas positivas y favorables del gobernador Capitanich para que todo esto sea posible\u201d.<\/p>\n<p>Presentes<br \/>\n Estuvieron presentes el ministro de Planificaci\u00f3n, Econom\u00eda e Infraestructura, Santiago P\u00e9rez Pons; el ministro de Gobierno y Trabajo, Juan Manuel Chapo; la ministra de Seguridad y Justicia, Gloria Zalazar; el ministro de Educaci\u00f3n, Cultura, Ciencia y Tecnolog\u00eda, Aldo Lineras; la ministra de Desarrollo Social, Mar\u00eda P\u00eda Chiacchio Cavana; la ministra de Ambiente y Desarrollo Territorial Sostenible, Marta Soneira; la secretaria de Municipios, Beatriz Bogado; el subsecretario de Asuntos Registrales, Eduardo Colombo; el administrador General de la Direcci\u00f3n de Vialidad Provincial (DVP), Hugo Varela; la directora de Medios P\u00fablicos, Guillermina Capitanich; el presidente del Instituto de Cultura, Francisco Romero; el presidente del Instituto del Deporte Chaque\u00f1o, Osvaldo P\u00e9rez Cuevas; el vocal de APA, Gustavo D\u2019Alessandro; la directora Financiera de la Fundaci\u00f3n \u201cChaco Solidario\u201d, Mariela Guerra; el jefe Regional de ANSES, Agust\u00edn Aleman; el intendente de Colonia Ben\u00edtez, Sergio Phipps; el diputado Nacional, Aldo Leiva; y la diputada provincial, Claudia Panzardi.<\/p>\n","protected":false},"excerpt":{"rendered":"<p>A 133 a\u00f1os de la fundaci\u00f3n de la localidad, el gobernador inaugur\u00f3 la Casa de las Culturas, seis cuadras de pavimento urbano y el Centro de Monitoreo local, adem\u00e1s de constatar el avance de otras ocho cuadras y la refacci\u00f3n y ampliaci\u00f3n de la comisar\u00eda. El gobernador Jorge Capitanich inaugur\u00f3 este martes m\u00faltiples obras de [&hellip;]<\/p>\n","protected":false},"author":1,"featured_media":21473,"comment_status":"closed","ping_status":"closed","sticky":false,"template":"","format":"standard","meta":{"footnotes":""},"categories":[6],"tags":[],"class_list":{"0":"post-21472","1":"post","2":"type-post","3":"status-publish","4":"format-standard","5":"has-post-thumbnail","7":"category-chaco"},"_links":{"self":[{"href":"https:\/\/chacosintesis.com.ar\/index.php\/wp-json\/wp\/v2\/posts\/21472","targetHints":{"allow":["GET"]}}],"collection":[{"href":"https:\/\/chacosintesis.com.ar\/index.php\/wp-json\/wp\/v2\/posts"}],"about":[{"href":"https:\/\/chacosintesis.com.ar\/index.php\/wp-json\/wp\/v2\/types\/post"}],"author":[{"embeddable":true,"href":"https:\/\/chacosintesis.com.ar\/index.php\/wp-json\/wp\/v2\/users\/1"}],"replies":[{"embeddable":true,"href":"https:\/\/chacosintesis.com.ar\/index.php\/wp-json\/wp\/v2\/comments?post=21472"}],"version-history":[{"count":0,"href":"https:\/\/chacosintesis.com.ar\/index.php\/wp-json\/wp\/v2\/posts\/21472\/revisions"}],"wp:featuredmedia":[{"embeddable":true,"href":"https:\/\/chacosintesis.com.ar\/index.php\/wp-json\/wp\/v2\/media\/21473"}],"wp:attachment":[{"href":"https:\/\/chacosintesis.com.ar\/index.php\/wp-json\/wp\/v2\/media?parent=21472"}],"wp:term":[{"taxonomy":"category","embeddable":true,"href":"https:\/\/chacosintesis.com.ar\/index.php\/wp-json\/wp\/v2\/categories?post=21472"},{"taxonomy":"post_tag","embeddable":true,"href":"https:\/\/chacosintesis.com.ar\/index.php\/wp-json\/wp\/v2\/tags?post=21472"}],"curies":[{"name":"wp","href":"https:\/\/api.w.org\/{rel}","templated":true}]}}