{"id":21458,"date":"2023-05-09T17:09:58","date_gmt":"2023-05-09T20:09:58","guid":{"rendered":"https:\/\/chacosintesis.com.ar\/?p=21458"},"modified":"2023-05-09T17:37:23","modified_gmt":"2023-05-09T20:37:23","slug":"aulas-limpias-y-comodas-capitanich-y-lineras-inauguraron-la-refaccion-integral-del-jardin-de-infantes-no-58","status":"publish","type":"post","link":"https:\/\/chacosintesis.com.ar\/index.php\/aulas-limpias-y-comodas-capitanich-y-lineras-inauguraron-la-refaccion-integral-del-jardin-de-infantes-no-58\/","title":{"rendered":"Aulas limpias y c\u00f3modas: Capitanich y Lineras inauguraron la refacci\u00f3n integral del Jard\u00edn de Infantes N\u00ba 58"},"content":{"rendered":"<p>La obra demand\u00f3 una inversi\u00f3n de m\u00e1s de $42.000.000 y es parte de las 205 intervenciones de infraestructura escolar ejecutadas en la provincia.<br \/>\nEsta ma\u00f1ana, el gobernador Jorge Capitanich, junto al ministro de Educaci\u00f3n Aldo Lineras, recorri\u00f3 la ampliaci\u00f3n y refacci\u00f3n del Jard\u00edn de Infantes N\u00ba 58 del barrio Provincias Unidas de Resistencia. La inauguraci\u00f3n de esta obra anhelada por la barriada desde 2014, hoy brindar\u00e1 aulas seguras y limpias para el desarrollo de 166 ni\u00f1as y ni\u00f1os que asisten a este establecimiento.<br \/>\n\u201cNosotros estamos comprometidos con la educaci\u00f3n desde la primera infancia porque sabemos el impacto positivo que tiene en el desarrollo cognitivo y manual de cada ni\u00f1a y ni\u00f1o. Inaugurar obras como esta nos permite poder cumplir con la extensi\u00f3n del derecho a la educaci\u00f3n, porque en 40 a\u00f1os de democracia los derechos se fueron ampliando y la infancia hoy tiene acceso a Centro de Desarrollo Infantil y sala de 3 en Nivel Inicial\u201d, explic\u00f3 Capitanich.<br \/>\nRespecto de las metas educativas, el gobernador coment\u00f3 que para fin de a\u00f1o la provincia contar\u00e1 con 48 Centros de Desarrollo Infantil distribuidos en distintos puntos de la provincia que implica cobertura para 12.000 infantes; se incrementar\u00e1 a m\u00e1s del 50% la sala de 3 a\u00f1os; 100% de cobertura de sala 4 a\u00f1os para el 2023 y ya estamos en la universalizaci\u00f3n de la sala 5 a\u00f1os en toda la provincia\u201d.<br \/>\nEn relaci\u00f3n a la obra, la directora del establecimiento, Silvia Ester Volpato, dijo que \u201cpara nosotros es un sue\u00f1o cumplido y hoy contamos con el confort que necesitamos para que nuestros ni\u00f1os y ni\u00f1as puedan aprender jugando\u201d. El ministro de Aldo Lineras expres\u00f3:\u201cEstamos muy contentos con esta intervenci\u00f3n del Jard\u00edn 58 porque ahora los chicos y chicas cuentan con todo lo necesario para aprender, jugar y explorar, especialmente en una barriada tan importante como la de Provincias Unidas\u201d.<br \/>\nLa obra del Jard\u00edn 58 fue ejecutada por la empresa Pedro A Mart\u00ednez, con financiamiento de FonPlata. La inversi\u00f3n total fue de $42.196.302,87:  $40.322.302,87 para la obra y $1.874.000, destinados a la compra de mobiliario.<br \/>\nLa intervenci\u00f3n consisti\u00f3 en la ampliaci\u00f3n y refacci\u00f3n de espacios existentes y en la creaci\u00f3n de nuevos espacios para un mejor funcionamiento de las actividades del jard\u00edn. En este sentido se termin\u00f3 una sala, que ten\u00eda trabajos avanzados; se construy\u00f3 una nueva sala con dos m\u00f3dulos sanitarios para ni\u00f1as y ni\u00f1os, con galer\u00eda  de conexi\u00f3n entre el edificio nuevo y el existente, la que servir\u00e1 tambi\u00e9n como extensi\u00f3n del Sal\u00f3n de Usos M\u00faltiples (SUM). Tambi\u00e9n se trabaj\u00f3 en colocar nueva carpinter\u00eda de aluminio, instalaci\u00f3n el\u00e9ctrica, provisi\u00f3n e instalaci\u00f3n de aires acondicionados y mejoramiento de las instalaciones sanitarias.<br \/>\nLa refacci\u00f3n implic\u00f3 reparaci\u00f3n de mamposter\u00eda, revoques, pisos y revestimientos de todo el edificio escolar, reemplazo de vidrios, pintura en general y mejoras en el acceso al jard\u00edn.<br \/>\nEl Jard\u00edn de Infantes N\u00ba 58 recibi\u00f3 tambi\u00e9n mobiliario con mesas y sillas de inicial, dos rincones de juego, dos muebles para bloques, dos estanter\u00edas, tres armarios y un pizarr\u00f3n para fibra.<br \/>\nEl jard\u00edn<br \/>\nEl Jard\u00edn de Infantes N\u00ba 58 es una obra clave para las barridas del Provincias Unidas y Espa\u00f1a. Esta instituci\u00f3n atiende una matr\u00edcula de 166 ni\u00f1as y ni\u00f1os, con salas de 3, 4 y 5 a\u00f1os con jornada de ma\u00f1ana y tarde, y brinda refrigerio. El plantel docente est\u00e1 dirigido por Silvia Ester Volpato, junto a nueve maestras de sala y una secretar\u00eda.<br \/>\nEste jard\u00edn fue creado el 17 de marzo de 1982 por Resoluci\u00f3n N\u00ba 204\/82 MCE, atendiendo durante todos estos a\u00f1os a ni\u00f1os y ni\u00f1as del mismo lugar y de barrios aleda\u00f1os. Desde 2014, trabaja en redes inclusivas con el equipo de la Escuela de Educaci\u00f3n Especial N\u00ba 5, desarrollando distintas iniciativas art\u00edsticas, culturales, deportivas y talleres, que suman considerablemente al desarrollo de una educaci\u00f3n inclusiva y equitativa.<br \/>\nTambi\u00e9n, desde sus or\u00edgenes realiza acciones articuladas con escuelas primarias EEP N\u00ba 518 \u201cComandante Andresito\u201d y EEP N\u00ba 737 \u201cLucio Mansilla\u201d y con la Biblioteca \u201cGraciela Cabal\u201d, garantizando en todos los casos calidad educativa en las trayectorias escolares de sus estudiantes.<br \/>\nInversi\u00f3n educativa<br \/>\nEl Jard\u00edn de Infantes N\u00ba 58, forma parte de las 16 obras, que comprende jardines, escuelas especiales, escuelas primarias y secundarias, distribuidas en todo el territorio provincial y que poseen financiamiento FonPlata.<br \/>\nActualmente, de esas 16 obras, valuadas en m\u00e1s de $3.000 millones, ya se terminaron el Jard\u00edn de Infantes N\u00ba 218 de Santa Sylvina, EES N\u00ba 82 de Basail y ahora esta instituci\u00f3n. En los pr\u00f3ximos meses se inaugurar\u00e1n la EEP N\u00ba 384 de Quitilipi y el Jard\u00edn de Infantes N\u00ba 144 de Resistencia; m\u00e1s 11 intervenciones a finalizar en el transcurso de este a\u00f1o.<br \/>\nAdem\u00e1s de obras, el proyecto incluye inversiones para optimizar el funcionamiento de la plataforma `ELE` y el Sistema SIE, dotando de equipamiento inform\u00e1tico a los equipos encargados de su funcionamiento.<br \/>\nEn materia de infraestructura escolar para todos los niveles educativos, esta gesti\u00f3n realiz\u00f3 una inversi\u00f3n superior a $5.713.986.290, en 205 obras ejecutadas y entregadas; 33 que est\u00e1n en construcci\u00f3n y 15 que est\u00e1n en proceso de gesti\u00f3n.<\/p>\n","protected":false},"excerpt":{"rendered":"<p>La obra demand\u00f3 una inversi\u00f3n de m\u00e1s de $42.000.000 y es parte de las 205 intervenciones de infraestructura escolar ejecutadas en la provincia. Esta ma\u00f1ana, el gobernador Jorge Capitanich, junto al ministro de Educaci\u00f3n Aldo Lineras, recorri\u00f3 la ampliaci\u00f3n y refacci\u00f3n del Jard\u00edn de Infantes N\u00ba 58 del barrio Provincias Unidas de Resistencia. La inauguraci\u00f3n [&hellip;]<\/p>\n","protected":false},"author":1,"featured_media":21459,"comment_status":"closed","ping_status":"closed","sticky":false,"template":"","format":"standard","meta":{"footnotes":""},"categories":[6],"tags":[],"class_list":{"0":"post-21458","1":"post","2":"type-post","3":"status-publish","4":"format-standard","5":"has-post-thumbnail","7":"category-chaco"},"_links":{"self":[{"href":"https:\/\/chacosintesis.com.ar\/index.php\/wp-json\/wp\/v2\/posts\/21458","targetHints":{"allow":["GET"]}}],"collection":[{"href":"https:\/\/chacosintesis.com.ar\/index.php\/wp-json\/wp\/v2\/posts"}],"about":[{"href":"https:\/\/chacosintesis.com.ar\/index.php\/wp-json\/wp\/v2\/types\/post"}],"author":[{"embeddable":true,"href":"https:\/\/chacosintesis.com.ar\/index.php\/wp-json\/wp\/v2\/users\/1"}],"replies":[{"embeddable":true,"href":"https:\/\/chacosintesis.com.ar\/index.php\/wp-json\/wp\/v2\/comments?post=21458"}],"version-history":[{"count":0,"href":"https:\/\/chacosintesis.com.ar\/index.php\/wp-json\/wp\/v2\/posts\/21458\/revisions"}],"wp:featuredmedia":[{"embeddable":true,"href":"https:\/\/chacosintesis.com.ar\/index.php\/wp-json\/wp\/v2\/media\/21459"}],"wp:attachment":[{"href":"https:\/\/chacosintesis.com.ar\/index.php\/wp-json\/wp\/v2\/media?parent=21458"}],"wp:term":[{"taxonomy":"category","embeddable":true,"href":"https:\/\/chacosintesis.com.ar\/index.php\/wp-json\/wp\/v2\/categories?post=21458"},{"taxonomy":"post_tag","embeddable":true,"href":"https:\/\/chacosintesis.com.ar\/index.php\/wp-json\/wp\/v2\/tags?post=21458"}],"curies":[{"name":"wp","href":"https:\/\/api.w.org\/{rel}","templated":true}]}}