{"id":21450,"date":"2023-05-09T16:59:02","date_gmt":"2023-05-09T19:59:02","guid":{"rendered":"https:\/\/chacosintesis.com.ar\/?p=21450"},"modified":"2023-05-09T17:06:43","modified_gmt":"2023-05-09T20:06:43","slug":"nicolas-slimel-la-reduccion-de-la-jornada-laboral-va-a-mejorar-la-productividad-de-los-trabajadores-reducir-el-desempleo-y-la-informalidad-laboral","status":"publish","type":"post","link":"https:\/\/chacosintesis.com.ar\/index.php\/nicolas-slimel-la-reduccion-de-la-jornada-laboral-va-a-mejorar-la-productividad-de-los-trabajadores-reducir-el-desempleo-y-la-informalidad-laboral\/","title":{"rendered":"Nicol\u00e1s Slimel: &#8220;La reducci\u00f3n de la jornada laboral va a mejorar la productividad de los trabajadores, reducir el desempleo y la informalidad laboral&#8221;"},"content":{"rendered":"<p>En el orden nacional y provincial se reabre la discusi\u00f3n sobre la reducci\u00f3n de la jornada laboral. El diputado provincial Nicol\u00e1s Slimel brind\u00f3 detalles sobre los proyectos en debate que buscan reducir la jornada laboral de 48 horas a 40 o 36 horas semanales.<br \/>\nEl diputado provincial Nicol\u00e1s Slimel dio detalles acerca del proyecto para reducir la jornada laboral de 48 horas a 40 o 36 horas semanales que est\u00e1 siendo discutido en la Legislatura, tanto en el orden nacional como provincial.<br \/>\n&#8220;Se espera que la reducci\u00f3n de la jornada laboral mejore la productividad de los trabajadores, reduzca el desempleo y la informalidad laboral&#8221;, sostuvo el legislador para respaldar su posici\u00f3n favorable sobre esta iniciativa.<br \/>\nAdem\u00e1s, remarc\u00f3 que tambi\u00e9n &#8220;se est\u00e1 discutiendo la posibilidad de reducir la jornada laboral de la administraci\u00f3n p\u00fablica para mejorar la productividad y ampliar el horario diurno&#8221;.<br \/>\nEn contacto con el programa \u201cToda la Info&#8221; por Chaco TV, record\u00f3 el antecedente de Chile, que hace poco aprob\u00f3 las 40 horas semanales como jornada laboral.  &#8220;Se est\u00e1 teniendo los primeros resultados estad\u00edsticos muy buenos en materia de productividad, pero tambi\u00e9n algunos resultados de algunos \u00edndices que est\u00e1n empezando a disminuir&#8221;, destac\u00f3 sobre los primeros \u00edndices tras haberse aprobado este proyecto en el pa\u00eds trasandino.<br \/>\nSlimel record\u00f3 que en la conmemoraci\u00f3n por D\u00eda Internacional del Trabajo, durante el acto organizado por la CGT se di\u00f3 a conocer un documento que plantea repensar el mundo laboral y pone en discusi\u00f3n algunas cuestiones vinculadas al esquema de redistribuci\u00f3n de las utilidades de las empresas, impuesto a las ganancias y uno de los puntos claves tiene que ver con la reducci\u00f3n de la jornada laboral.<br \/>\nEl documento fue entregado al presidente de la Naci\u00f3n y eso desencaden\u00f3 la presentaci\u00f3n de un proyecto  por parte del Frente de Todos, que lleva la firma de varios legisladores entre ellos el del titular de la CTA, Hugo Yasky para que se empiece a discutir la posibilidad de reducir la jornada laboral de 48 horas a 40 y o 36 horas semanales.<\/p>\n<p>Beneficios<br \/>\nA la hora de remarcar los beneficios que puede generar este proyecto, destac\u00f3 que se puede &#8220;realzar la productividad del trabajador, estar m\u00e1s descansado, tener posibilidades de regenerarse socialmente, porque puede compartir m\u00e1s tiempo con su familia, puede darse un tiempo mayor de descanso&#8221;.<br \/>\nEl legislador agreg\u00f3 que : &#8220;Tambi\u00e9n hay pa\u00edses en Europa, del primer mundo, que realmente est\u00e1n haciendo las 36 horas semanales y tienen el mismo resultado&#8221;.<br \/>\nEn cuanto al grado de informalidad laboral, que alcanza en nuestro pa\u00eds aproximadamente entre el 40 y el 45% del total de los trabajadores, subray\u00f3 que para revertir esta tendencia se debe &#8220;modificar la estructura del trabajo&#8221;.<br \/>\n&#8220;Hay que rediscutir esta estructura de trabajo y todo lo que eso conlleva. Tenemos que modificar porque ya no sirve solamente con las inspecciones&#8221;, indic\u00f3 el diputado.<\/p>\n","protected":false},"excerpt":{"rendered":"<p>En el orden nacional y provincial se reabre la discusi\u00f3n sobre la reducci\u00f3n de la jornada laboral. El diputado provincial Nicol\u00e1s Slimel brind\u00f3 detalles sobre los proyectos en debate que buscan reducir la jornada laboral de 48 horas a 40 o 36 horas semanales. El diputado provincial Nicol\u00e1s Slimel dio detalles acerca del proyecto para [&hellip;]<\/p>\n","protected":false},"author":1,"featured_media":21451,"comment_status":"closed","ping_status":"closed","sticky":false,"template":"","format":"standard","meta":{"footnotes":""},"categories":[6],"tags":[],"class_list":{"0":"post-21450","1":"post","2":"type-post","3":"status-publish","4":"format-standard","5":"has-post-thumbnail","7":"category-chaco"},"_links":{"self":[{"href":"https:\/\/chacosintesis.com.ar\/index.php\/wp-json\/wp\/v2\/posts\/21450","targetHints":{"allow":["GET"]}}],"collection":[{"href":"https:\/\/chacosintesis.com.ar\/index.php\/wp-json\/wp\/v2\/posts"}],"about":[{"href":"https:\/\/chacosintesis.com.ar\/index.php\/wp-json\/wp\/v2\/types\/post"}],"author":[{"embeddable":true,"href":"https:\/\/chacosintesis.com.ar\/index.php\/wp-json\/wp\/v2\/users\/1"}],"replies":[{"embeddable":true,"href":"https:\/\/chacosintesis.com.ar\/index.php\/wp-json\/wp\/v2\/comments?post=21450"}],"version-history":[{"count":0,"href":"https:\/\/chacosintesis.com.ar\/index.php\/wp-json\/wp\/v2\/posts\/21450\/revisions"}],"wp:featuredmedia":[{"embeddable":true,"href":"https:\/\/chacosintesis.com.ar\/index.php\/wp-json\/wp\/v2\/media\/21451"}],"wp:attachment":[{"href":"https:\/\/chacosintesis.com.ar\/index.php\/wp-json\/wp\/v2\/media?parent=21450"}],"wp:term":[{"taxonomy":"category","embeddable":true,"href":"https:\/\/chacosintesis.com.ar\/index.php\/wp-json\/wp\/v2\/categories?post=21450"},{"taxonomy":"post_tag","embeddable":true,"href":"https:\/\/chacosintesis.com.ar\/index.php\/wp-json\/wp\/v2\/tags?post=21450"}],"curies":[{"name":"wp","href":"https:\/\/api.w.org\/{rel}","templated":true}]}}