{"id":21448,"date":"2023-05-09T16:56:42","date_gmt":"2023-05-09T19:56:42","guid":{"rendered":"https:\/\/chacosintesis.com.ar\/?p=21448"},"modified":"2023-05-09T17:06:42","modified_gmt":"2023-05-09T20:06:42","slug":"mayo-mes-del-no-al-corcho-quemado","status":"publish","type":"post","link":"https:\/\/chacosintesis.com.ar\/index.php\/mayo-mes-del-no-al-corcho-quemado\/","title":{"rendered":"Mayo: Mes del &#8220;No al corcho quemado&#8221;"},"content":{"rendered":"<p>Esta ma\u00f1ana, Jao Flor Olivera, integrante de la asociaci\u00f3n Autoconvocados Afrodescendientes Chaque\u00f1os (AAFROCH), coment\u00f3 en Chaco TV acerca de la iniciativa que llevan adelante desde la organizaci\u00f3n con el lema \u201cNo al corcho quemado\u201d. \u201cComienza el mes de mayo y nos vamos preparando para los d\u00edas festivos; instalamos esta cuesti\u00f3n porque nos parece interesante trabajar sobre algunos aspectos desde las pr\u00e1cticas y despu\u00e9s desde la puesta\u201d, mencion\u00f3 Olivera.<br \/>\n\u201cLa pr\u00e1ctica del corcho quemado fue instalada por Sarmiento en el sistema educativo y es algo en lo que se ha insistido durante muchos a\u00f1os, pero que de alguna manera apunta a c\u00f3mo la esclavizaci\u00f3n ha sido burlada\u201d, explic\u00f3 el integrante de AAFROCH.<br \/>\nEn este sentido, manifest\u00f3 que \u201caunque la cuesti\u00f3n de vestirse y disfrazarse es algo del momento, la cuesti\u00f3n de fondo es que le est\u00e1n negando la capacidad a ese ni\u00f1o de mostrarse tal cual e, e importando una idea de la afrodescendencia\u201d.<br \/>\n\u201cLos vendedores ambulantes de la \u00e9poca sal\u00edan a la calle por dos razone: para vender los productos que les obligaban a hacer y, por consiguiente, para pagar su libertad\u201d, cont\u00f3 Olivera. \u201cPero tambi\u00e9n es cierto que no s\u00f3lo tenemos a los vendedores ambulantes, est\u00e1 tambi\u00e9n Mar\u00eda Remedios del Valle y los soldados en batallas que no se muestran en el 25 de mayo\u201d, ejemplific\u00f3.<br \/>\n\u201cEl desaf\u00edo como propuesta educativa es repensar el lugar en donde la afrodescendencia est\u00e1 puesta, para reescribir o representar un poco la escena de lo que fue el 25 de mayo de 1810\u201d, expres\u00f3 y destac\u00f3 la importancia de \u201cevidenciar que no solamente la servidumbre es el lugar posible de la afrodescendencia\u201d.<\/p>\n","protected":false},"excerpt":{"rendered":"<p>Esta ma\u00f1ana, Jao Flor Olivera, integrante de la asociaci\u00f3n Autoconvocados Afrodescendientes Chaque\u00f1os (AAFROCH), coment\u00f3 en Chaco TV acerca de la iniciativa que llevan adelante desde la organizaci\u00f3n con el lema \u201cNo al corcho quemado\u201d. \u201cComienza el mes de mayo y nos vamos preparando para los d\u00edas festivos; instalamos esta cuesti\u00f3n porque nos parece interesante trabajar [&hellip;]<\/p>\n","protected":false},"author":1,"featured_media":21449,"comment_status":"closed","ping_status":"closed","sticky":false,"template":"","format":"standard","meta":{"footnotes":""},"categories":[6],"tags":[],"class_list":{"0":"post-21448","1":"post","2":"type-post","3":"status-publish","4":"format-standard","5":"has-post-thumbnail","7":"category-chaco"},"_links":{"self":[{"href":"https:\/\/chacosintesis.com.ar\/index.php\/wp-json\/wp\/v2\/posts\/21448","targetHints":{"allow":["GET"]}}],"collection":[{"href":"https:\/\/chacosintesis.com.ar\/index.php\/wp-json\/wp\/v2\/posts"}],"about":[{"href":"https:\/\/chacosintesis.com.ar\/index.php\/wp-json\/wp\/v2\/types\/post"}],"author":[{"embeddable":true,"href":"https:\/\/chacosintesis.com.ar\/index.php\/wp-json\/wp\/v2\/users\/1"}],"replies":[{"embeddable":true,"href":"https:\/\/chacosintesis.com.ar\/index.php\/wp-json\/wp\/v2\/comments?post=21448"}],"version-history":[{"count":0,"href":"https:\/\/chacosintesis.com.ar\/index.php\/wp-json\/wp\/v2\/posts\/21448\/revisions"}],"wp:featuredmedia":[{"embeddable":true,"href":"https:\/\/chacosintesis.com.ar\/index.php\/wp-json\/wp\/v2\/media\/21449"}],"wp:attachment":[{"href":"https:\/\/chacosintesis.com.ar\/index.php\/wp-json\/wp\/v2\/media?parent=21448"}],"wp:term":[{"taxonomy":"category","embeddable":true,"href":"https:\/\/chacosintesis.com.ar\/index.php\/wp-json\/wp\/v2\/categories?post=21448"},{"taxonomy":"post_tag","embeddable":true,"href":"https:\/\/chacosintesis.com.ar\/index.php\/wp-json\/wp\/v2\/tags?post=21448"}],"curies":[{"name":"wp","href":"https:\/\/api.w.org\/{rel}","templated":true}]}}