{"id":21446,"date":"2023-05-09T16:54:10","date_gmt":"2023-05-09T19:54:10","guid":{"rendered":"https:\/\/chacosintesis.com.ar\/?p=21446"},"modified":"2023-05-09T17:06:42","modified_gmt":"2023-05-09T20:06:42","slug":"educacion-confirmo-que-devolvera-los-descuentos-por-el-dia-de-la-mujer","status":"publish","type":"post","link":"https:\/\/chacosintesis.com.ar\/index.php\/educacion-confirmo-que-devolvera-los-descuentos-por-el-dia-de-la-mujer\/","title":{"rendered":"Educaci\u00f3n confirm\u00f3 que devolver\u00e1 los descuentos por el D\u00eda de la Mujer"},"content":{"rendered":"<p>Debido a un error t\u00e9cnico algunos docentes fueron cargados como ausentes ese d\u00eda, siendo que hab\u00eda un decreto que autorizaba las inasistencias en el d\u00eda de lucha.<br \/>\nEl Ministerio de Educaci\u00f3n, Cultura, Ciencia y Tecnolog\u00eda de la Provincia informa que se restituir\u00e1 el descuento en sueldos de docentes en la fecha 8 de marzo, D\u00eda Internacional de las Mujeres, producto de un error t\u00e9cnico.<br \/>\nAl realizarse sobre las planillas de asistencia e inasistencia que informan las y los directores de las instituciones escolares, algunos casos se registraron de manera err\u00f3nea como ausentismo en la jornada de paro nacional, decretada por el gobierno provincial (435\/23) como inasistencia justificada para las mujeres en adhesi\u00f3n a la reivindicaci\u00f3n de sus derechos.<br \/>\nPor ello, a quienes detectaron el descuento se les solicita presentar una nota a trav\u00e9s de la directora\/director de la instituci\u00f3n por v\u00eda jer\u00e1rquica para que puedan obtener la restituci\u00f3n del descuento practicado. \u201cDe igual manera para aquellos docentes que no hayan realizado la medida el primer d\u00eda de clases (1 de marzo) y hayan sufrido descuentos\u201d, aclararon desde la cartera educativa.<\/p>\n","protected":false},"excerpt":{"rendered":"<p>Debido a un error t\u00e9cnico algunos docentes fueron cargados como ausentes ese d\u00eda, siendo que hab\u00eda un decreto que autorizaba las inasistencias en el d\u00eda de lucha. El Ministerio de Educaci\u00f3n, Cultura, Ciencia y Tecnolog\u00eda de la Provincia informa que se restituir\u00e1 el descuento en sueldos de docentes en la fecha 8 de marzo, D\u00eda [&hellip;]<\/p>\n","protected":false},"author":1,"featured_media":21447,"comment_status":"closed","ping_status":"closed","sticky":false,"template":"","format":"standard","meta":{"footnotes":""},"categories":[6],"tags":[],"class_list":{"0":"post-21446","1":"post","2":"type-post","3":"status-publish","4":"format-standard","5":"has-post-thumbnail","7":"category-chaco"},"_links":{"self":[{"href":"https:\/\/chacosintesis.com.ar\/index.php\/wp-json\/wp\/v2\/posts\/21446","targetHints":{"allow":["GET"]}}],"collection":[{"href":"https:\/\/chacosintesis.com.ar\/index.php\/wp-json\/wp\/v2\/posts"}],"about":[{"href":"https:\/\/chacosintesis.com.ar\/index.php\/wp-json\/wp\/v2\/types\/post"}],"author":[{"embeddable":true,"href":"https:\/\/chacosintesis.com.ar\/index.php\/wp-json\/wp\/v2\/users\/1"}],"replies":[{"embeddable":true,"href":"https:\/\/chacosintesis.com.ar\/index.php\/wp-json\/wp\/v2\/comments?post=21446"}],"version-history":[{"count":0,"href":"https:\/\/chacosintesis.com.ar\/index.php\/wp-json\/wp\/v2\/posts\/21446\/revisions"}],"wp:featuredmedia":[{"embeddable":true,"href":"https:\/\/chacosintesis.com.ar\/index.php\/wp-json\/wp\/v2\/media\/21447"}],"wp:attachment":[{"href":"https:\/\/chacosintesis.com.ar\/index.php\/wp-json\/wp\/v2\/media?parent=21446"}],"wp:term":[{"taxonomy":"category","embeddable":true,"href":"https:\/\/chacosintesis.com.ar\/index.php\/wp-json\/wp\/v2\/categories?post=21446"},{"taxonomy":"post_tag","embeddable":true,"href":"https:\/\/chacosintesis.com.ar\/index.php\/wp-json\/wp\/v2\/tags?post=21446"}],"curies":[{"name":"wp","href":"https:\/\/api.w.org\/{rel}","templated":true}]}}