{"id":21444,"date":"2023-05-09T16:52:08","date_gmt":"2023-05-09T19:52:08","guid":{"rendered":"https:\/\/chacosintesis.com.ar\/?p=21444"},"modified":"2023-05-09T17:06:41","modified_gmt":"2023-05-09T20:06:41","slug":"benitez-visito-la-asociacion-civil-mauni-y-dialogo-sobre-su-trabajo-en-la-prevencion-de-consumos-problematicos","status":"publish","type":"post","link":"https:\/\/chacosintesis.com.ar\/index.php\/benitez-visito-la-asociacion-civil-mauni-y-dialogo-sobre-su-trabajo-en-la-prevencion-de-consumos-problematicos\/","title":{"rendered":"Ben\u00edtez visit\u00f3 la Asociaci\u00f3n Civil MAUNI y dialog\u00f3 sobre su trabajo en la prevenci\u00f3n de consumos problem\u00e1ticos"},"content":{"rendered":"<p>Las y los profesionales realizan un abordaje integral en salud mental, en articulaci\u00f3n con el \u00e1rea sociocomunitaria del municipio y el hospital local.<br \/>\nLa diputada provincial Paola Ben\u00edtez, asisti\u00f3 este martes a la Asociaci\u00f3n Civil MAUNI, organizaci\u00f3n que trabaja en la prevenci\u00f3n de adicciones y consumos problem\u00e1ticos en Puerto Tirol, en articulaci\u00f3n con el \u00e1rea sociocomunitaria municipal y el hospital local. Participaron de la reuni\u00f3n, la presidenta Patricia Cimbaro Canella, el psic\u00f3logo Guido Ojeda e integrantes de la Comisi\u00f3n Directiva.<br \/>\nBen\u00edtez detall\u00f3 la importancia de la sanci\u00f3n de la Ley 3808-G de Emergencia en Consumos Problem\u00e1ticos en la provincia y resalt\u00f3 la posibilidad de ampliar convenios con organizaciones o unidades para trabajar, junto a los actores gubernamentales, en un plan de acci\u00f3n espec\u00edfico. \u201cEl trabajo interdisciplinario que realizan es maravilloso. Sus acciones est\u00e1n orientadas a las personas sujeto de derechos y obligan a pensar, a quienes dise\u00f1amos pol\u00edticas p\u00fablicas, las necesidades que tenemos y buscar los recursos necesarios para satisfacerlas de manera inmediata\u201d, asegur\u00f3.<br \/>\nSobre la importancia de la sanci\u00f3n e implementaci\u00f3n de la Ley provincial, el psic\u00f3logo e integrante de la Asociaci\u00f3n dijo que \u201ces muy importante para nosotros como Asociaci\u00f3n Civil continuar con el trabajo que venimos realizando con mucho compromiso, a pulm\u00f3n, donde las sociedades civiles tendremos un rol protagonista en el abordaje territorial, tan complejo como son los consumos problem\u00e1ticos\u201d, se\u00f1al\u00f3. Adem\u00e1s, agreg\u00f3 que \u201csabemos que esta es una problem\u00e1tica de salud, pero necesariamente debe ser abordada intersectorialmente y con la participaci\u00f3n fundamental de las y los j\u00f3venes que presentan este tipo de problem\u00e1tica\u201d.<br \/>\nSobre la Asociaci\u00f3n Civil MAUNI<br \/>\nLa Asociaci\u00f3n Civil MAUNI (Manos Unidas) comenz\u00f3 a trabajar en Puerto Tirol en el 2016. Las acciones primordiales que realizan, tiene que ver con un abordaje integral en salud mental, espec\u00edficamente de consumos problem\u00e1ticos en j\u00f3venes.<br \/>\nEn l\u00edneas generales, realizan m\u00e1s de mil atenciones por a\u00f1o. Solo en el \u00faltimo mes realizaron 185 intervenciones, de las cuales 85 fueron primeras consultas. \u201cLo que hace referencia al fomento y accesibilidad a la atenci\u00f3n de salud mental en Puerto Tirol\u201d, asegur\u00f3 Ojeda.<br \/>\nPara comunicarse con la Asociaci\u00f3n se encuentran disponibles los contactos: 3624 749713\/213559\/557416<\/p>\n","protected":false},"excerpt":{"rendered":"<p>Las y los profesionales realizan un abordaje integral en salud mental, en articulaci\u00f3n con el \u00e1rea sociocomunitaria del municipio y el hospital local. La diputada provincial Paola Ben\u00edtez, asisti\u00f3 este martes a la Asociaci\u00f3n Civil MAUNI, organizaci\u00f3n que trabaja en la prevenci\u00f3n de adicciones y consumos problem\u00e1ticos en Puerto Tirol, en articulaci\u00f3n con el \u00e1rea [&hellip;]<\/p>\n","protected":false},"author":1,"featured_media":21445,"comment_status":"closed","ping_status":"closed","sticky":false,"template":"","format":"standard","meta":{"footnotes":""},"categories":[6],"tags":[],"class_list":{"0":"post-21444","1":"post","2":"type-post","3":"status-publish","4":"format-standard","5":"has-post-thumbnail","7":"category-chaco"},"_links":{"self":[{"href":"https:\/\/chacosintesis.com.ar\/index.php\/wp-json\/wp\/v2\/posts\/21444","targetHints":{"allow":["GET"]}}],"collection":[{"href":"https:\/\/chacosintesis.com.ar\/index.php\/wp-json\/wp\/v2\/posts"}],"about":[{"href":"https:\/\/chacosintesis.com.ar\/index.php\/wp-json\/wp\/v2\/types\/post"}],"author":[{"embeddable":true,"href":"https:\/\/chacosintesis.com.ar\/index.php\/wp-json\/wp\/v2\/users\/1"}],"replies":[{"embeddable":true,"href":"https:\/\/chacosintesis.com.ar\/index.php\/wp-json\/wp\/v2\/comments?post=21444"}],"version-history":[{"count":0,"href":"https:\/\/chacosintesis.com.ar\/index.php\/wp-json\/wp\/v2\/posts\/21444\/revisions"}],"wp:featuredmedia":[{"embeddable":true,"href":"https:\/\/chacosintesis.com.ar\/index.php\/wp-json\/wp\/v2\/media\/21445"}],"wp:attachment":[{"href":"https:\/\/chacosintesis.com.ar\/index.php\/wp-json\/wp\/v2\/media?parent=21444"}],"wp:term":[{"taxonomy":"category","embeddable":true,"href":"https:\/\/chacosintesis.com.ar\/index.php\/wp-json\/wp\/v2\/categories?post=21444"},{"taxonomy":"post_tag","embeddable":true,"href":"https:\/\/chacosintesis.com.ar\/index.php\/wp-json\/wp\/v2\/tags?post=21444"}],"curies":[{"name":"wp","href":"https:\/\/api.w.org\/{rel}","templated":true}]}}