{"id":21442,"date":"2023-05-09T16:47:37","date_gmt":"2023-05-09T19:47:37","guid":{"rendered":"https:\/\/chacosintesis.com.ar\/?p=21442"},"modified":"2023-05-09T17:06:40","modified_gmt":"2023-05-09T20:06:40","slug":"los-mercados-populares-estaran-en-diferentes-barrios-de-resistencia","status":"publish","type":"post","link":"https:\/\/chacosintesis.com.ar\/index.php\/los-mercados-populares-estaran-en-diferentes-barrios-de-resistencia\/","title":{"rendered":"Los Mercados Populares estar\u00e1n en diferentes barrios de Resistencia"},"content":{"rendered":"<p>Vecinas y vecinos podr\u00e1n adquirir alimentos y diversos productos 100% chaque\u00f1os y a un precio justo.<br \/>\nEl Ministerio de Desarrollo Social continuar\u00e1, los pr\u00f3ximos fines de semana de mayo con nuevos operativos de Mercados Populares. Vecinas y vecinos podr\u00e1n adquirir alimentos y producciones 100% chaque\u00f1as a precios justos. Se comercializar\u00e1n carnes, pescados, panificados, verduras, l\u00e1cteos, miel, conservas y distintas producciones artesanales. Este viernes 12 de mayo estar\u00e1n apostados en zona de la UNNE (Avenida Las Heras 747), s\u00e1bados 13 y 20 de mayo en Plaza de la Integraci\u00f3n (intersecci\u00f3n de Avenidas 9 de Julio y Espa\u00f1a), y viernes 19 en Plaza Paseo Sur (Avenida Belgrano y Falucho). En todos los casos, de 9 a 13.30. La iniciativa que se ejecuta a trav\u00e9s de su Unidad Ejecutora de Pol\u00edticas Sociales, promueve la comercializaci\u00f3n de productos chaque\u00f1os de primera calidad, sin intermediaci\u00f3n y a precios justos, que van desde alimentos a regaler\u00eda, artesan\u00edas, elaboraciones textiles, producidas por emprendedoras y emprendedores locales. Desde la cartera social se articula con distintos municipios y con equipos t\u00e9cnicos sociales, a fin de realizar un acompa\u00f1amiento integral a familias de emprendedores como a unidades productivas y a peque\u00f1os productores que ofertan en Mercados y Almacenes Populares, aportando desde un Estado presente la log\u00edstica y espacios comercializaci\u00f3n m\u00e1s adecuados. Por otra parte, la Unidad Ejecutora de Pol\u00edticas Sociales, organiza capacitaciones junto a organismos y especialistas en educaci\u00f3n financiera y tributaria, como otras estrategias de posicionamiento digital de productos, persiguiendo que quienes emprenden incrementen sus ventas, generando adem\u00e1s mayores oportunidades de trabajo genuino.<br \/>\n Nuevos espacios en m\u00e1s localidades<br \/>\nLa ministra de Desarrollo Social Mar\u00eda P\u00eda Chiacchio Cavana adelant\u00f3 que el jueves se inaugurar\u00e1 el Almac\u00e9n Popular de Presidencia de la Plaza, y el s\u00e1bado se pondr\u00e1 en funcionamiento un nuevo Mercado Popular en Fontana. \u201cSon logros importantes gracias a la articulaci\u00f3n con ambas comunas, como tambi\u00e9n un reconocimiento a productoras, productores, emprendedoras y los emprendedores locales\u201d, remarc\u00f3. En tanto, previamente, este martes a la tarde se implementar\u00e1n estrategias importantes siguiendo los lineamientos de los planes Incentivar Trabajo y Emprendemos Todxs. \u201cSumaremos herramientas y maquinarias a unidades productivas, adem\u00e1s de financiamiento con Tarjeta Tuya a trabajadoras y trabajadores de la econom\u00eda popular para el desarrollo de sus actividades\u201d, agreg\u00f3.<br \/>\n M\u00e1s informaci\u00f3n<br \/>\nLas y los emprendedores interesados en participar de los Mercados Populares, deben ingresar a <a href=\"https:\/\/emprendemos.chaco.gob.ar\/\">emprendemos.chaco.gob.ar\/<\/a>, o bien acercarse a los municipios adheridos. En Resistencia deben dirigirse a la sede de la Unidad Ejecutora de Pol\u00edticas Sociales, ubicada en Avenida San Mart\u00edn 266, correo electr\u00f3nico <a href=\"mailto:emprendemostodos@chaco.gob.ar\" >emprendemostodos@chaco.gob.ar<\/a>, tel\u00e9fono al 362-4742371.<br \/>\n Transporte<br \/>\nPara facilitar el acceso a los Mercados Populares de marzo, la Subsecretar\u00eda de Transporte dispuso el traslado gratuito a trav\u00e9s de las l\u00edneas de colectivos 5 (A, B, C), 110 y 106 A, exclusivamente en dos horarios: 9 y 12.30, adem\u00e1s el viaje sin costo ser\u00e1 solamente en las unidades identificadas.<br \/>\n Posta de vacunaci\u00f3n<br \/>\nEn estas ediciones de Mercados Populares en la capital del Chaco, y en los mismos d\u00edas y horarios, se sumar\u00e1n equipos del Ministerio de Salud P\u00fablica, los que estar\u00e1n con una posta sanitaria de vacunaci\u00f3n para vecinas y vecinos interesados.<\/p>\n","protected":false},"excerpt":{"rendered":"<p>Vecinas y vecinos podr\u00e1n adquirir alimentos y diversos productos 100% chaque\u00f1os y a un precio justo. El Ministerio de Desarrollo Social continuar\u00e1, los pr\u00f3ximos fines de semana de mayo con nuevos operativos de Mercados Populares. Vecinas y vecinos podr\u00e1n adquirir alimentos y producciones 100% chaque\u00f1as a precios justos. Se comercializar\u00e1n carnes, pescados, panificados, verduras, l\u00e1cteos, [&hellip;]<\/p>\n","protected":false},"author":1,"featured_media":21443,"comment_status":"closed","ping_status":"closed","sticky":false,"template":"","format":"standard","meta":{"footnotes":""},"categories":[6],"tags":[],"class_list":{"0":"post-21442","1":"post","2":"type-post","3":"status-publish","4":"format-standard","5":"has-post-thumbnail","7":"category-chaco"},"_links":{"self":[{"href":"https:\/\/chacosintesis.com.ar\/index.php\/wp-json\/wp\/v2\/posts\/21442","targetHints":{"allow":["GET"]}}],"collection":[{"href":"https:\/\/chacosintesis.com.ar\/index.php\/wp-json\/wp\/v2\/posts"}],"about":[{"href":"https:\/\/chacosintesis.com.ar\/index.php\/wp-json\/wp\/v2\/types\/post"}],"author":[{"embeddable":true,"href":"https:\/\/chacosintesis.com.ar\/index.php\/wp-json\/wp\/v2\/users\/1"}],"replies":[{"embeddable":true,"href":"https:\/\/chacosintesis.com.ar\/index.php\/wp-json\/wp\/v2\/comments?post=21442"}],"version-history":[{"count":0,"href":"https:\/\/chacosintesis.com.ar\/index.php\/wp-json\/wp\/v2\/posts\/21442\/revisions"}],"wp:featuredmedia":[{"embeddable":true,"href":"https:\/\/chacosintesis.com.ar\/index.php\/wp-json\/wp\/v2\/media\/21443"}],"wp:attachment":[{"href":"https:\/\/chacosintesis.com.ar\/index.php\/wp-json\/wp\/v2\/media?parent=21442"}],"wp:term":[{"taxonomy":"category","embeddable":true,"href":"https:\/\/chacosintesis.com.ar\/index.php\/wp-json\/wp\/v2\/categories?post=21442"},{"taxonomy":"post_tag","embeddable":true,"href":"https:\/\/chacosintesis.com.ar\/index.php\/wp-json\/wp\/v2\/tags?post=21442"}],"curies":[{"name":"wp","href":"https:\/\/api.w.org\/{rel}","templated":true}]}}