{"id":21438,"date":"2023-05-09T16:43:25","date_gmt":"2023-05-09T19:43:25","guid":{"rendered":"https:\/\/chacosintesis.com.ar\/?p=21438"},"modified":"2023-05-09T17:06:40","modified_gmt":"2023-05-09T20:06:40","slug":"ciudadanos-a-gobernar-sello-su-apoyo-a-la-precandidatura-de-juan-carlos-polini","status":"publish","type":"post","link":"https:\/\/chacosintesis.com.ar\/index.php\/ciudadanos-a-gobernar-sello-su-apoyo-a-la-precandidatura-de-juan-carlos-polini\/","title":{"rendered":"Ciudadanos a Gobernar sell\u00f3 su apoyo a la precandidatura de Juan Carlos Polini"},"content":{"rendered":"<p>La precandidatura a gobernador de Juan Carlos Polini sum\u00f3 en la ma\u00f1ana de este martes el apoyo del partido Ciudadanos a Gobernar de cara a las PASO del 18 de junio. De este modo qued\u00f3 sellada una importante alianza que fortalece el espacio y apuntala fuertemente la f\u00f3rmula que busca conducir los destinos de la provincia del Chaco.<br \/>\nEn conferencia de prensa concretada este martes en el local partidario de Lavalle 37 de la ciudad de Resistencia, Juan Carlos Polini destac\u00f3 la iniciativa de Ciudadanos a Gobernar en generar la adhesi\u00f3n a la f\u00f3rmula que conforma con Delfina Veirav\u00e9 de cara a las pr\u00f3ximas elecciones. \u201cPara mi particularmente es un honor que hayan confiado en nosotros, entiendo que de esta manera le damos mucho mayor volumen a nuestra posici\u00f3n en toda la provincia\u201d, dijo.<br \/>\nAsimismo, Polini se\u00f1al\u00f3 que \u201ceste partido es conformado por hombres y mujeres que vienen del sector del trabajo, donde hay profesionales, empleados, gente vinculada con entidades gremiales. Dentro de nuestro proceso de construcci\u00f3n es una pata que no la ten\u00edamos, con candidatos propios en muchas localidades, de intendentes, concejales y diputados que acompa\u00f1an a la f\u00f3rmula\u201d, agreg\u00f3.<br \/>\nEn este contexto Polini afirm\u00f3 que \u201cesta es una forma m\u00e1s de demostrar que en pol\u00edtica se puede construir, generando una actividad que sea netamente horizontal en la que todos podamos participar. Queremos generar las condiciones necesarias no s\u00f3lo para triunfar en las PASO del 18 de junio sino tambi\u00e9n para confrontar democr\u00e1tica y electoralmente en septiembre para llegar a la gobernaci\u00f3n del Chaco\u201d, sintetiz\u00f3.<br \/>\nPor \u00faltimo, el precandidato a gobernador indic\u00f3 que \u201cCiudadanos a Gobernar ha demostrado a lo largo de la historia de la provincia una presencia muy fuerte en muchos sectores de la sociedad y el hecho de que adhieran a la f\u00f3rmula nos da la pauta de que es v\u00e1lido el esfuerzo que hicimos. Con este partido nos une una relaci\u00f3n de afecto y de mucho respeto, porque en todo momento hemos venido cumpliendo a rajatabla con lo charlado y hoy tenemos mucho mayor volumen en nuestra lista\u201d, concluy\u00f3.<\/p>\n<p>Carlos Latorre: \u201cDestacamos la humildad de Juan Carlos Polini, es lo que la sociedad reclama\u201d<\/p>\n<p>Por su parte, Carlos Latorre, referente de Ciudadanos a Gobernar, expres\u00f3 que \u201chace un a\u00f1o ven\u00edamos conversando con Juan Carlos, coincidimos en la mirada con respecto a un nuevo Chaco y lo que destacamos es la sencillez, la humildad de este candidato, m\u00e1s teniendo en cuenta que la sociedad est\u00e1 reclamando algo nuevo\u201d.<br \/>\nSeg\u00fan dijo fue as\u00ed que \u201ctomamos esta decisi\u00f3n ahora, antes de las PASO, porque ahora hay una gran especulaci\u00f3n donde muchos ponen un pie en cada canoa y si se hunde una tenemos la otra. Nosotros nos jugamos y estamos convencidos que Juan Carlos ganar\u00e1 las primarias y lo vamos a acompa\u00f1ar hasta el final\u201d, a\u00f1adi\u00f3.<br \/>\nEn cuanto a su participaci\u00f3n en las pr\u00f3ximas elecciones, Latorre explic\u00f3 que el espacio que encabeza present\u00f3 lista de diputados, donde se encuentra en el segundo lugar, en tanto que la docente Silvia Villordo est\u00e1 a la cabeza de las candidaturas para legisladores provinciales. \u201cTambi\u00e9n tenemos candidatos a intendentes en siete localidades y la mayor atenci\u00f3n se concentra en el gran Resistencia, donde estamos armando una gran log\u00edstica\u201d, dijo.<\/p>\n","protected":false},"excerpt":{"rendered":"<p>La precandidatura a gobernador de Juan Carlos Polini sum\u00f3 en la ma\u00f1ana de este martes el apoyo del partido Ciudadanos a Gobernar de cara a las PASO del 18 de junio. De este modo qued\u00f3 sellada una importante alianza que fortalece el espacio y apuntala fuertemente la f\u00f3rmula que busca conducir los destinos de la [&hellip;]<\/p>\n","protected":false},"author":1,"featured_media":21439,"comment_status":"closed","ping_status":"closed","sticky":false,"template":"","format":"standard","meta":{"footnotes":""},"categories":[6],"tags":[],"class_list":{"0":"post-21438","1":"post","2":"type-post","3":"status-publish","4":"format-standard","5":"has-post-thumbnail","7":"category-chaco"},"_links":{"self":[{"href":"https:\/\/chacosintesis.com.ar\/index.php\/wp-json\/wp\/v2\/posts\/21438","targetHints":{"allow":["GET"]}}],"collection":[{"href":"https:\/\/chacosintesis.com.ar\/index.php\/wp-json\/wp\/v2\/posts"}],"about":[{"href":"https:\/\/chacosintesis.com.ar\/index.php\/wp-json\/wp\/v2\/types\/post"}],"author":[{"embeddable":true,"href":"https:\/\/chacosintesis.com.ar\/index.php\/wp-json\/wp\/v2\/users\/1"}],"replies":[{"embeddable":true,"href":"https:\/\/chacosintesis.com.ar\/index.php\/wp-json\/wp\/v2\/comments?post=21438"}],"version-history":[{"count":0,"href":"https:\/\/chacosintesis.com.ar\/index.php\/wp-json\/wp\/v2\/posts\/21438\/revisions"}],"wp:featuredmedia":[{"embeddable":true,"href":"https:\/\/chacosintesis.com.ar\/index.php\/wp-json\/wp\/v2\/media\/21439"}],"wp:attachment":[{"href":"https:\/\/chacosintesis.com.ar\/index.php\/wp-json\/wp\/v2\/media?parent=21438"}],"wp:term":[{"taxonomy":"category","embeddable":true,"href":"https:\/\/chacosintesis.com.ar\/index.php\/wp-json\/wp\/v2\/categories?post=21438"},{"taxonomy":"post_tag","embeddable":true,"href":"https:\/\/chacosintesis.com.ar\/index.php\/wp-json\/wp\/v2\/tags?post=21438"}],"curies":[{"name":"wp","href":"https:\/\/api.w.org\/{rel}","templated":true}]}}