{"id":21433,"date":"2023-05-09T16:36:29","date_gmt":"2023-05-09T19:36:29","guid":{"rendered":"https:\/\/chacosintesis.com.ar\/?p=21433"},"modified":"2023-05-09T16:36:54","modified_gmt":"2023-05-09T19:36:54","slug":"general-san-martin-detuvieron-a-un-hombre-acusado-de-apunalar-a-su-hermano","status":"publish","type":"post","link":"https:\/\/chacosintesis.com.ar\/index.php\/general-san-martin-detuvieron-a-un-hombre-acusado-de-apunalar-a-su-hermano\/","title":{"rendered":"General San Martin: Detuvieron a un hombre acusado de apu\u00f1alar a su hermano"},"content":{"rendered":"<p>Mediante un parte oficial, la Polic\u00eda local inform\u00f3 este martes que cerca de las 6:30 personal de Investigaciones Complejas de la localidad de General San Mart\u00edn acudieron al hospital local ante una acusaci\u00f3n de violencia intrafamiliar.<br \/>\nSeg\u00fan reportaron, un hombre \u201crecibi\u00f3 una pu\u00f1alada por parte de su hermano\u201d. El acusado, habr\u00eda sido atrapado pasadas las 9:30 sobre avenida Pedro Mendano con un cuchillo \u201ctipo serrucho\u201d que aseguran ten\u00eda \u201cmanchas de sangre\u201d.<br \/>\nEl detenido habr\u00eda quedado a disposici\u00f3n judicial, siendo notificado por la Fiscal\u00eda interviniente con una \u201cprohibici\u00f3n de acercamiento\u201d.<\/p>\n","protected":false},"excerpt":{"rendered":"<p>Mediante un parte oficial, la Polic\u00eda local inform\u00f3 este martes que cerca de las 6:30 personal de Investigaciones Complejas de la localidad de General San Mart\u00edn acudieron al hospital local ante una acusaci\u00f3n de violencia intrafamiliar. Seg\u00fan reportaron, un hombre \u201crecibi\u00f3 una pu\u00f1alada por parte de su hermano\u201d. El acusado, habr\u00eda sido atrapado pasadas las [&hellip;]<\/p>\n","protected":false},"author":1,"featured_media":21434,"comment_status":"closed","ping_status":"closed","sticky":false,"template":"","format":"standard","meta":{"footnotes":""},"categories":[6],"tags":[],"class_list":{"0":"post-21433","1":"post","2":"type-post","3":"status-publish","4":"format-standard","5":"has-post-thumbnail","7":"category-chaco"},"_links":{"self":[{"href":"https:\/\/chacosintesis.com.ar\/index.php\/wp-json\/wp\/v2\/posts\/21433","targetHints":{"allow":["GET"]}}],"collection":[{"href":"https:\/\/chacosintesis.com.ar\/index.php\/wp-json\/wp\/v2\/posts"}],"about":[{"href":"https:\/\/chacosintesis.com.ar\/index.php\/wp-json\/wp\/v2\/types\/post"}],"author":[{"embeddable":true,"href":"https:\/\/chacosintesis.com.ar\/index.php\/wp-json\/wp\/v2\/users\/1"}],"replies":[{"embeddable":true,"href":"https:\/\/chacosintesis.com.ar\/index.php\/wp-json\/wp\/v2\/comments?post=21433"}],"version-history":[{"count":0,"href":"https:\/\/chacosintesis.com.ar\/index.php\/wp-json\/wp\/v2\/posts\/21433\/revisions"}],"wp:featuredmedia":[{"embeddable":true,"href":"https:\/\/chacosintesis.com.ar\/index.php\/wp-json\/wp\/v2\/media\/21434"}],"wp:attachment":[{"href":"https:\/\/chacosintesis.com.ar\/index.php\/wp-json\/wp\/v2\/media?parent=21433"}],"wp:term":[{"taxonomy":"category","embeddable":true,"href":"https:\/\/chacosintesis.com.ar\/index.php\/wp-json\/wp\/v2\/categories?post=21433"},{"taxonomy":"post_tag","embeddable":true,"href":"https:\/\/chacosintesis.com.ar\/index.php\/wp-json\/wp\/v2\/tags?post=21433"}],"curies":[{"name":"wp","href":"https:\/\/api.w.org\/{rel}","templated":true}]}}