{"id":21423,"date":"2023-05-09T16:22:44","date_gmt":"2023-05-09T19:22:44","guid":{"rendered":"https:\/\/chacosintesis.com.ar\/?p=21423"},"modified":"2023-05-09T16:36:51","modified_gmt":"2023-05-09T19:36:51","slug":"la-uncaus-abrio-inscripciones-al-curso-abordaje-de-la-desnutricion-en-personas-con-discapacidad","status":"publish","type":"post","link":"https:\/\/chacosintesis.com.ar\/index.php\/la-uncaus-abrio-inscripciones-al-curso-abordaje-de-la-desnutricion-en-personas-con-discapacidad\/","title":{"rendered":"La UNCAUS abri\u00f3 inscripciones al curso \u201cAbordaje de la desnutrici\u00f3n en personas con discapacidad\u201d"},"content":{"rendered":"<p>La Universidad Nacional del Chaco Austral abri\u00f3 inscripciones para este nuevo curso de posgrado, que iniciar\u00e1 sus actividades virtuales el 16 de mayo, con una duraci\u00f3n de tres meses. La propuesta est\u00e1 destinada a profesionales de la salud, como licenciados en nutrici\u00f3n, m\u00e9dicos pediatras, m\u00e9dicos generalistas, licenciados en psicolog\u00eda, entre otros.<br \/>\nEl curso tratar\u00e1 las siguientes tem\u00e1ticas: introducci\u00f3n al tratamiento de las personas con discapacidad; introducci\u00f3n a la problem\u00e1tica de la desnutrici\u00f3n en ni\u00f1os y adultos con discapacidad; evaluaci\u00f3n antropom\u00e9trica y nutricional completa para detectar y hacer un seguimiento de la desnutrici\u00f3n; condiciones concomitantes que afectan la desnutrici\u00f3n; planificaci\u00f3n de un abordaje nutricional para la desnutrici\u00f3n con enfoque bio-psicosocial.<br \/>\nLa direcci\u00f3n acad\u00e9mica est\u00e1 compuesta por Mercedes Ruiz Brunner y Elisabeth Cieri y la coordinaci\u00f3n est\u00e1 a cargo de Emilce Sudri\u00e1.<br \/>\nPara m\u00e1s informaci\u00f3n e inscripciones, las personas interesadas pueden dirigirse a la p\u00e1gina web: <a href=\"https:\/\/cursos.uncaus.edu.ar\/cursos\/R9EX60VX0P\">cursos.uncaus.edu.ar\/cursos\/R9EX60VX0P<\/a><\/p>\n","protected":false},"excerpt":{"rendered":"<p>La Universidad Nacional del Chaco Austral abri\u00f3 inscripciones para este nuevo curso de posgrado, que iniciar\u00e1 sus actividades virtuales el 16 de mayo, con una duraci\u00f3n de tres meses. La propuesta est\u00e1 destinada a profesionales de la salud, como licenciados en nutrici\u00f3n, m\u00e9dicos pediatras, m\u00e9dicos generalistas, licenciados en psicolog\u00eda, entre otros. El curso tratar\u00e1 las [&hellip;]<\/p>\n","protected":false},"author":1,"featured_media":21424,"comment_status":"closed","ping_status":"closed","sticky":false,"template":"","format":"standard","meta":{"footnotes":""},"categories":[6],"tags":[],"class_list":{"0":"post-21423","1":"post","2":"type-post","3":"status-publish","4":"format-standard","5":"has-post-thumbnail","7":"category-chaco"},"_links":{"self":[{"href":"https:\/\/chacosintesis.com.ar\/index.php\/wp-json\/wp\/v2\/posts\/21423","targetHints":{"allow":["GET"]}}],"collection":[{"href":"https:\/\/chacosintesis.com.ar\/index.php\/wp-json\/wp\/v2\/posts"}],"about":[{"href":"https:\/\/chacosintesis.com.ar\/index.php\/wp-json\/wp\/v2\/types\/post"}],"author":[{"embeddable":true,"href":"https:\/\/chacosintesis.com.ar\/index.php\/wp-json\/wp\/v2\/users\/1"}],"replies":[{"embeddable":true,"href":"https:\/\/chacosintesis.com.ar\/index.php\/wp-json\/wp\/v2\/comments?post=21423"}],"version-history":[{"count":0,"href":"https:\/\/chacosintesis.com.ar\/index.php\/wp-json\/wp\/v2\/posts\/21423\/revisions"}],"wp:featuredmedia":[{"embeddable":true,"href":"https:\/\/chacosintesis.com.ar\/index.php\/wp-json\/wp\/v2\/media\/21424"}],"wp:attachment":[{"href":"https:\/\/chacosintesis.com.ar\/index.php\/wp-json\/wp\/v2\/media?parent=21423"}],"wp:term":[{"taxonomy":"category","embeddable":true,"href":"https:\/\/chacosintesis.com.ar\/index.php\/wp-json\/wp\/v2\/categories?post=21423"},{"taxonomy":"post_tag","embeddable":true,"href":"https:\/\/chacosintesis.com.ar\/index.php\/wp-json\/wp\/v2\/tags?post=21423"}],"curies":[{"name":"wp","href":"https:\/\/api.w.org\/{rel}","templated":true}]}}