{"id":21421,"date":"2023-05-09T16:20:42","date_gmt":"2023-05-09T19:20:42","guid":{"rendered":"https:\/\/chacosintesis.com.ar\/?p=21421"},"modified":"2023-05-09T16:36:50","modified_gmt":"2023-05-09T19:36:50","slug":"la-administracion-provincial-del-agua-finalizo-los-trabajos-de-limpieza-en-el-dique-soberania","status":"publish","type":"post","link":"https:\/\/chacosintesis.com.ar\/index.php\/la-administracion-provincial-del-agua-finalizo-los-trabajos-de-limpieza-en-el-dique-soberania\/","title":{"rendered":"La Administraci\u00f3n Provincial del Agua finaliz\u00f3 los trabajos de limpieza en el Dique Soberan\u00eda"},"content":{"rendered":"<p>Se trata de tareas de prevenci\u00f3n y mantenimiento que evitar\u00e1n futuros anegamientos en gran parte del \u00c1rea Metropolitana del Gran Resistencia. Se removi\u00f3 vegetaci\u00f3n acumulada en ambos puntos tras las precipitaciones registradas durante el inicio de la semana pasada.<br \/>\nLa Administraci\u00f3n Provincial del Agua (APA) finaliz\u00f3 este fin de semana los trabajos de limpieza y desobstrucci\u00f3n sobre la alcantarilla en la descarga del riacho Araz\u00e1 en el canal Soberan\u00eda y el Dique Soberan\u00eda. Se trata de tareas de prevenci\u00f3n y mantenimiento que evitar\u00e1n futuros anegamientos en gran parte del \u00c1rea Metropolitana del Gran Resistencia. &#8220;El excedente de vegetaci\u00f3n detectado se fue acumulando tras las lluvias previas al fin de semana&#8221;, indic\u00f3 el presidente de la APA Daniel Pegoraro. Adem\u00e1s se\u00f1al\u00f3 que la alcantarilla intervenida se encuentra emplazada sobre avenida Soberan\u00eda Nacional y descarga del Araz\u00e1 hacia el canal de Soberan\u00eda. Esto permiti\u00f3 descomprimir m\u00e1s lo que es la zona del cuenco y el embalse compensador entre Soberan\u00eda y Mosconi. \u201cEstos trabajos permiten que todos los desag\u00fces que vienen por el riacho Araz\u00e1, avenidas Espa\u00f1a, Nicol\u00e1s Rojas Acosta y la zona de La Rubita puedan ingresar m\u00e1s francamente, dependiendo del canal Soberan\u00eda en condiciones bajas&#8221;, agreg\u00f3. El funcionario destac\u00f3 los trabajos en las estaciones de bombeo durante las emisiones del alerta meteorol\u00f3gico la semana pasada. \u201cTras las precipitaciones abundantes, verificamos determinados puntos estrat\u00e9gicos, controlamos que las estaciones de bombeos est\u00e9n operativas y trabajando de forma correcta. A la vez descomprimimos lagunas para otorgarles un mayor margen de recepci\u00f3n de agua\u201d, concluy\u00f3.<\/p>\n<p>Protocolo de asistencia y acci\u00f3n durante las lluvias<br \/>\nAnte el alerta emitido, el gobernador Jorge Capitanich defini\u00f3 un Comit\u00e9 de Emergencia Provincial a cargo de los  ministerios de Ambiente y Desarrollo Territorial Sostenible y de Desarrollo Social, la Administraci\u00f3n Provincial del Agua (APA) y Defensa Civil. Adem\u00e1s del trabajo de m\u00e1s de 400 agentes de diversas \u00e1reas gubernamentales.  El objetivo es evitar anegamientos y proteger a vecinos y vecinas que pudieran verse afectados por altos milimetrajes de agua acumulada. La APA, mantuvo guardias permanentes en las 12 estaciones de bombeo situadas a lo largo del AMGR y personal capacitado recorriendo puntos claves identificados previamente.<\/p>\n","protected":false},"excerpt":{"rendered":"<p>Se trata de tareas de prevenci\u00f3n y mantenimiento que evitar\u00e1n futuros anegamientos en gran parte del \u00c1rea Metropolitana del Gran Resistencia. Se removi\u00f3 vegetaci\u00f3n acumulada en ambos puntos tras las precipitaciones registradas durante el inicio de la semana pasada. La Administraci\u00f3n Provincial del Agua (APA) finaliz\u00f3 este fin de semana los trabajos de limpieza y [&hellip;]<\/p>\n","protected":false},"author":1,"featured_media":21422,"comment_status":"closed","ping_status":"closed","sticky":false,"template":"","format":"standard","meta":{"footnotes":""},"categories":[6],"tags":[],"class_list":{"0":"post-21421","1":"post","2":"type-post","3":"status-publish","4":"format-standard","5":"has-post-thumbnail","7":"category-chaco"},"_links":{"self":[{"href":"https:\/\/chacosintesis.com.ar\/index.php\/wp-json\/wp\/v2\/posts\/21421","targetHints":{"allow":["GET"]}}],"collection":[{"href":"https:\/\/chacosintesis.com.ar\/index.php\/wp-json\/wp\/v2\/posts"}],"about":[{"href":"https:\/\/chacosintesis.com.ar\/index.php\/wp-json\/wp\/v2\/types\/post"}],"author":[{"embeddable":true,"href":"https:\/\/chacosintesis.com.ar\/index.php\/wp-json\/wp\/v2\/users\/1"}],"replies":[{"embeddable":true,"href":"https:\/\/chacosintesis.com.ar\/index.php\/wp-json\/wp\/v2\/comments?post=21421"}],"version-history":[{"count":0,"href":"https:\/\/chacosintesis.com.ar\/index.php\/wp-json\/wp\/v2\/posts\/21421\/revisions"}],"wp:featuredmedia":[{"embeddable":true,"href":"https:\/\/chacosintesis.com.ar\/index.php\/wp-json\/wp\/v2\/media\/21422"}],"wp:attachment":[{"href":"https:\/\/chacosintesis.com.ar\/index.php\/wp-json\/wp\/v2\/media?parent=21421"}],"wp:term":[{"taxonomy":"category","embeddable":true,"href":"https:\/\/chacosintesis.com.ar\/index.php\/wp-json\/wp\/v2\/categories?post=21421"},{"taxonomy":"post_tag","embeddable":true,"href":"https:\/\/chacosintesis.com.ar\/index.php\/wp-json\/wp\/v2\/tags?post=21421"}],"curies":[{"name":"wp","href":"https:\/\/api.w.org\/{rel}","templated":true}]}}