{"id":21419,"date":"2023-05-09T16:16:56","date_gmt":"2023-05-09T19:16:56","guid":{"rendered":"https:\/\/chacosintesis.com.ar\/?p=21419"},"modified":"2023-05-09T16:36:49","modified_gmt":"2023-05-09T19:36:49","slug":"capitanich-inauguro-un-salon-de-usos-multiples-en-el-barrio-san-javier","status":"publish","type":"post","link":"https:\/\/chacosintesis.com.ar\/index.php\/capitanich-inauguro-un-salon-de-usos-multiples-en-el-barrio-san-javier\/","title":{"rendered":"Capitanich inaugur\u00f3 un Sal\u00f3n de Usos M\u00faltiples en el barrio San Javier"},"content":{"rendered":"<p>Se trata de un espacio de encuentro, trabajo y organizaci\u00f3n comunitaria para el movimiento MTD, en el que se realizar\u00e1n capacitaciones y proyectos productivos. Con una inversi\u00f3n de 12 millones, la obra gener\u00f3 trabajo para unas 30 personas.<br \/>\nEl gobernador Jorge Capitanich inaugur\u00f3 este martes un sal\u00f3n de usos m\u00faltiples de la organizaci\u00f3n social MTD Fachinal Unidos, en Resistencia. La obra se realiz\u00f3 a trav\u00e9s del Instituto de Agricultura Familiar y Econom\u00eda Popular (IAFEP) con una inversi\u00f3n de 12 millones de pesos y gener\u00f3 30 puestos de trabajo.<br \/>\nEl nuevo sal\u00f3n, ubicado en el barrio San Javier de la capital chaque\u00f1a, ser\u00e1 utilizado para la realizaci\u00f3n de cursos de computaci\u00f3n y textiles, entre otros. La obra es parte de una tarea que lleva adelante el IAFEP, quien financia construcciones de diferentes tipos (soluciones habitacionales, veredas, salones) y las organizaciones sociales que aportan la mano de obra; metodolog\u00eda que incluye un plan de 5.000 viviendas (entre construidas y por construirse). Este proceso permite un efecto multiplicador en la generaci\u00f3n de empleo y desarrollo territorial.<br \/>\nEl gobernador, que estuvo acompa\u00f1ado del titular del IAFEP, Mauricio Andi\u00f3n, destac\u00f3 que la organizaci\u00f3n MTD Fachinal Unidos realiza una multiplicidad de emprendimientos de la econom\u00eda popular y una gran tarea en merenderos del gran Resistencia. Destac\u00f3 que el nuevo sal\u00f3n ser\u00e1 utilizado para capacitaciones, para lo que anticip\u00f3 la generaci\u00f3n de mecanismos de provisi\u00f3n de computadores y conectividad, adem\u00e1s de m\u00e1quinas de coser para el desarrollo de la econom\u00eda textil.<br \/>\n\u201cEl liderazgo de las organizaciones sociales es fundamental para generar una base de desarrollo territorial que permita expandir actividades\u201d, expres\u00f3 el gobernador. En ese sentido detall\u00f3 que el Gobierno est\u00e1 implementado l\u00edneas de acci\u00f3n de la econom\u00eda popular para aumentar la capacidad de ingresos de sus miembros.<br \/>\nUna es la de residuos s\u00f3lidos urbanos con el objetivo de establecer un sistema de recolecci\u00f3n, clasificaci\u00f3n y reciclado. Otra l\u00ednea es la construcci\u00f3n a trav\u00e9s de la producci\u00f3n de ladrillos y diferentes obras (soluciones habitacionales, plazoletas, plazas) que mejoran la calidad de vida de la poblaci\u00f3n y generan puestos de trabajo.<br \/>\nSe suman la econom\u00eda de oficio -talabartero, artesano, hojalater\u00eda, entre otros que hacen tanto al desarrollo de bienes como a la prestaci\u00f3n de servicios; la econom\u00eda de producci\u00f3n de alimentos -frutas, hortalizas, huevos, leche, legumbres- y la del cuidado, que \u201ces una red de protecci\u00f3n social pero a su vez de desarrollo de habilidades cognitivas y manuales para la inserci\u00f3n laboral que permite generar progresivamente mayor inclusi\u00f3n social\u201d, indic\u00f3 Capitanich.<\/p>\n<p>Posibilidades de desarrollo<\/p>\n<p>Cristina Aquino referente de Fachinal Unidos, agradeci\u00f3 al gobernador Capitanich y a Mauricio Andi\u00f3n, y destac\u00f3 que durante el proceso de construcci\u00f3n fueron 30 los integrantes de la organizaci\u00f3n social que pudieron tener un ingreso. \u201cOjala siga este gobierno porque siempre nos ayuda y nos da posibilidades\u201d, expres\u00f3.<\/p>\n","protected":false},"excerpt":{"rendered":"<p>Se trata de un espacio de encuentro, trabajo y organizaci\u00f3n comunitaria para el movimiento MTD, en el que se realizar\u00e1n capacitaciones y proyectos productivos. Con una inversi\u00f3n de 12 millones, la obra gener\u00f3 trabajo para unas 30 personas. El gobernador Jorge Capitanich inaugur\u00f3 este martes un sal\u00f3n de usos m\u00faltiples de la organizaci\u00f3n social MTD [&hellip;]<\/p>\n","protected":false},"author":1,"featured_media":21420,"comment_status":"closed","ping_status":"closed","sticky":false,"template":"","format":"standard","meta":{"footnotes":""},"categories":[6],"tags":[],"class_list":{"0":"post-21419","1":"post","2":"type-post","3":"status-publish","4":"format-standard","5":"has-post-thumbnail","7":"category-chaco"},"_links":{"self":[{"href":"https:\/\/chacosintesis.com.ar\/index.php\/wp-json\/wp\/v2\/posts\/21419","targetHints":{"allow":["GET"]}}],"collection":[{"href":"https:\/\/chacosintesis.com.ar\/index.php\/wp-json\/wp\/v2\/posts"}],"about":[{"href":"https:\/\/chacosintesis.com.ar\/index.php\/wp-json\/wp\/v2\/types\/post"}],"author":[{"embeddable":true,"href":"https:\/\/chacosintesis.com.ar\/index.php\/wp-json\/wp\/v2\/users\/1"}],"replies":[{"embeddable":true,"href":"https:\/\/chacosintesis.com.ar\/index.php\/wp-json\/wp\/v2\/comments?post=21419"}],"version-history":[{"count":0,"href":"https:\/\/chacosintesis.com.ar\/index.php\/wp-json\/wp\/v2\/posts\/21419\/revisions"}],"wp:featuredmedia":[{"embeddable":true,"href":"https:\/\/chacosintesis.com.ar\/index.php\/wp-json\/wp\/v2\/media\/21420"}],"wp:attachment":[{"href":"https:\/\/chacosintesis.com.ar\/index.php\/wp-json\/wp\/v2\/media?parent=21419"}],"wp:term":[{"taxonomy":"category","embeddable":true,"href":"https:\/\/chacosintesis.com.ar\/index.php\/wp-json\/wp\/v2\/categories?post=21419"},{"taxonomy":"post_tag","embeddable":true,"href":"https:\/\/chacosintesis.com.ar\/index.php\/wp-json\/wp\/v2\/tags?post=21419"}],"curies":[{"name":"wp","href":"https:\/\/api.w.org\/{rel}","templated":true}]}}