{"id":21417,"date":"2023-05-09T16:13:26","date_gmt":"2023-05-09T19:13:26","guid":{"rendered":"https:\/\/chacosintesis.com.ar\/?p=21417"},"modified":"2023-05-09T16:36:48","modified_gmt":"2023-05-09T19:36:48","slug":"margarita-belen-celebra-su-133-anos-con-multiples-inauguraciones-y-actividades-comunitarias","status":"publish","type":"post","link":"https:\/\/chacosintesis.com.ar\/index.php\/margarita-belen-celebra-su-133-anos-con-multiples-inauguraciones-y-actividades-comunitarias\/","title":{"rendered":"Margarita Bel\u00e9n celebra su 133 a\u00f1os con m\u00faltiples inauguraciones y actividades comunitarias"},"content":{"rendered":"<p>En el marco de las actividades por las  celebraci\u00f3n de los 133 aniversario se inauguran hoy las nuevas cuadras de pavimento urbano m\u00e1s iluminaci\u00f3n LED, as\u00ed como los edificios de la Casa de las Culturas, la comisar\u00eda local y la Central de Monitoreo y Videovigilancia. El intendente Javier Martinez adelant\u00f3 el cronograma de actividades.<br \/>\nLa localidad de Margarita Bel\u00e9n celebra este martes su 133\u00b0 Aniversario con la inauguraci\u00f3n de m\u00faltiples obras y actividades vinculadas a fortalecer el desarrollo de esta comunidad.<br \/>\nCon la presencia del gobernador Jorge Capitanich se inauguran la nuevas cuadras de pavimento urbano m\u00e1s iluminaci\u00f3n LED, as\u00ed como los edificios de la Casa de las Culturas, la Comisar\u00eda local y la Central de Monitoreo y Videovigilancia. Durante el acto central de las celebraciones, se entregar\u00e1n t\u00edtulos de propiedad, as\u00ed como herramientas de trabajo y equipamiento para ladrilleros, y emprendedores y emprendedoras locales. Tambi\u00e9n se pondr\u00e1 en marcha la Guardia Urbana Municipal con 30 miembros capacitados y dos nuevas motos donadas por el gobernador.<br \/>\nEl intendente de Margarita Belen, Javier Martinez en declaraciones a Chaco TV asegur\u00f3 que durante toda esta semana se realizar\u00e1n m\u00faltiples actividades para celebrar los 133 a\u00f1os de la localidad.  Las actividades comenzaron ayer , cuando el jefe comunal y alumnos de Jardines de Infantes, Escuelas Primarias y Secundarias realizaron la plantaci\u00f3n de 133 \u00e1rboles.<br \/>\n\u201cEs la semana de aniversario de la localidad y la vamos a celebrar con obras y muchas inauguraciones\u201d, dijo el intendente.<\/p>\n<p>Central de monitoreo y plan integral de seguridad p\u00fablica<\/p>\n<p>Martinez asegur\u00f3 que junto al gobernador Capitanich se realizar\u00e1 a las 19 horas la inauguraci\u00f3n de las obras de la nueva comisar\u00eda junto con la central de monitoreo y videovigilancia,  que pasar\u00e1 a cumplir un rol clave en el marco del plan integral de seguridad p\u00fablica.<br \/>\nTambi\u00e9n se realizar\u00e1 la puesta en marcha de la Guardia Urbana Municipal, que  est\u00e1 conformada por 30 hombres y mujeres que se han sido debidamente capacitados.<\/p>\n<p>Pavimento urbano e infraestructura social b\u00e1sica<br \/>\nDurante las celebraciones se inaugurar\u00e1n nuevas cuadras de pavimento urbano con sus respectiva iluminaci\u00f3n LED  \u201cEl mejor regalo que podemos hacer a la comunidad son las obras que quedan para siempre\u201d, dijo el intendente<br \/>\nEl jefe comunal repas\u00f3 las m\u00faltiples obras inauguradas durante esta gesti\u00f3n, entre las que se incluyen pavimento, cloacas, espacios p\u00fablicos, se\u00f1alando que \u201cgarantizan servicios fundamentales, el acceso a infraestructura social b\u00e1sica, mejoran la conectividad, es decir, son obras que transforman la localidad\u201d, Mart\u00ednez.<br \/>\n\u201cTodas estas obras son fruto de la gesti\u00f3n, de planificaci\u00f3n pol\u00edtica de un gobernador que decide invertir en m\u00e1s salud, deporte y m\u00e1s derechos para nuestra comunidad y mejorar as\u00ed la calidad de vida\u201d, agreg\u00f3 el jefe comunal.<\/p>\n","protected":false},"excerpt":{"rendered":"<p>En el marco de las actividades por las celebraci\u00f3n de los 133 aniversario se inauguran hoy las nuevas cuadras de pavimento urbano m\u00e1s iluminaci\u00f3n LED, as\u00ed como los edificios de la Casa de las Culturas, la comisar\u00eda local y la Central de Monitoreo y Videovigilancia. El intendente Javier Martinez adelant\u00f3 el cronograma de actividades. La [&hellip;]<\/p>\n","protected":false},"author":1,"featured_media":21418,"comment_status":"closed","ping_status":"closed","sticky":false,"template":"","format":"standard","meta":{"footnotes":""},"categories":[6],"tags":[],"class_list":{"0":"post-21417","1":"post","2":"type-post","3":"status-publish","4":"format-standard","5":"has-post-thumbnail","7":"category-chaco"},"_links":{"self":[{"href":"https:\/\/chacosintesis.com.ar\/index.php\/wp-json\/wp\/v2\/posts\/21417","targetHints":{"allow":["GET"]}}],"collection":[{"href":"https:\/\/chacosintesis.com.ar\/index.php\/wp-json\/wp\/v2\/posts"}],"about":[{"href":"https:\/\/chacosintesis.com.ar\/index.php\/wp-json\/wp\/v2\/types\/post"}],"author":[{"embeddable":true,"href":"https:\/\/chacosintesis.com.ar\/index.php\/wp-json\/wp\/v2\/users\/1"}],"replies":[{"embeddable":true,"href":"https:\/\/chacosintesis.com.ar\/index.php\/wp-json\/wp\/v2\/comments?post=21417"}],"version-history":[{"count":0,"href":"https:\/\/chacosintesis.com.ar\/index.php\/wp-json\/wp\/v2\/posts\/21417\/revisions"}],"wp:featuredmedia":[{"embeddable":true,"href":"https:\/\/chacosintesis.com.ar\/index.php\/wp-json\/wp\/v2\/media\/21418"}],"wp:attachment":[{"href":"https:\/\/chacosintesis.com.ar\/index.php\/wp-json\/wp\/v2\/media?parent=21417"}],"wp:term":[{"taxonomy":"category","embeddable":true,"href":"https:\/\/chacosintesis.com.ar\/index.php\/wp-json\/wp\/v2\/categories?post=21417"},{"taxonomy":"post_tag","embeddable":true,"href":"https:\/\/chacosintesis.com.ar\/index.php\/wp-json\/wp\/v2\/tags?post=21417"}],"curies":[{"name":"wp","href":"https:\/\/api.w.org\/{rel}","templated":true}]}}