{"id":21413,"date":"2023-05-09T16:06:41","date_gmt":"2023-05-09T19:06:41","guid":{"rendered":"https:\/\/chacosintesis.com.ar\/?p=21413"},"modified":"2023-05-09T16:07:07","modified_gmt":"2023-05-09T19:07:07","slug":"avanzan-las-obras-de-infraestructura-escolar-en-el-nivel-inicial","status":"publish","type":"post","link":"https:\/\/chacosintesis.com.ar\/index.php\/avanzan-las-obras-de-infraestructura-escolar-en-el-nivel-inicial\/","title":{"rendered":"Avanzan las obras de infraestructura escolar en el Nivel Inicial"},"content":{"rendered":"<p>El ejecutivo provincial lleva adelante un plan de inversi\u00f3n para concretar m\u00e1s de 180 obras escolares entre edificios nuevos, refaccionados y con ampliaciones.<br \/>\n El Gobierno provincial avanza con obras destinadas a fortalecer el nivel Inicial del sistema educativo chaque\u00f1o. En ese marco, a trav\u00e9s de la Subsecretar\u00eda de Infraestructura Escolar del Ministerio De Educaci\u00f3n, Cultura, Ciencia y Tecnolog\u00eda se obtuvieron los aptos t\u00e9cnicos de Naci\u00f3n para construir dos nuevos jardines de infantes en Machagai y en Puerto Vilelas. La iniciativa forma parte del objetivo de avanzar en la inversi\u00f3n hist\u00f3rica que lleva adelante para fortalecer el nivel Inicial, pilar fundamental en el proceso de ense\u00f1anza y aprendizaje de ni\u00f1as y ni\u00f1as de entre 3 y 5 a\u00f1os para asegurar las trayectorias escolares, as\u00ed como tambi\u00e9n salas maternales. Ambos proyectos, un jard\u00edn a crearse en el barrio Reserva 3 de Machagai y otro en Puerto Vilelas, ya cuentan con \u201cla no objeci\u00f3n de elegibilidad\u201d para conseguir el financiamiento del nuevo Programa de Apoyo al Plan Nacional de Primera Infancia y la Pol\u00edtica de Universalizaci\u00f3n de la Educaci\u00f3n Inicial II, que es financiado por el Banco Iberoamericano De Desarrollo (BID), por lo que en este momento el equipo de la Subsecretar\u00eda de Infraestructura Escolar cumplimenta los procedimientos administrativos. Inclusive en estos d\u00edas se est\u00e1n organizando las respectivas consultas con las comunidades de estas dos localidades para informar sobre cada proyecto de obra, los que beneficiar\u00e1n a una matr\u00edcula aproximada de 120 ni\u00f1os y ni\u00f1as cada uno. Vale destacar que el presupuesto oficial de cada jard\u00edn es de $160.076.460, 16. con un plazo de ejecuci\u00f3n de diez meses. Pr\u00f3ximamente se analizar\u00e1 la factibilidad t\u00e9cnica de un tercer edificio, a proyectarse para la ciudad de S\u00e1enz Pe\u00f1a.<\/p>\n<p>Ocho nuevos jardines de infantes<br \/>\nLos dos edificios nuevos para el nivel Inicial se suman a los ocho jardines de infantes construidos y concretados en los \u00faltimos tres a\u00f1os en Colonias Unidas (JI 250), Fontana (JI 247), Juan Jos\u00e9 Castelli (JI 248), La Leonesa (JI 251), Miraflores (JI 249), Quitilipi (JI 252), Samuh\u00fa (JI 103) y Resistencia (JI 253), con distintas fuentes de financiamiento de Naci\u00f3n. Al respecto, el ministro de Educaci\u00f3n, Aldo Lineras, destac\u00f3 que \u201ccomo nunca antes en la provincia, estamos ejecutando obras de infraestructura escolar en todo el territorio chaque\u00f1o para garantizar espacios limpios y c\u00f3modos en todos los niveles y todas las modalidades educativas, y en el caso particular del nivel Inicial estamos concretando la mayor inversi\u00f3n en infraestructura escolar de la historia\u201d. Lineras manifest\u00f3 que este programa de infraestructura escolar sostenido para garantizar espacios modernos y c\u00f3modos responde a la meta del Gobierno de incluir a la totalidad de los ni\u00f1os y ni\u00f1as de 4 y 5 a\u00f1os, y as\u00ed poder avanzar en la universalizaci\u00f3n de la sala de 4, con el fin de fortalecer la estimulaci\u00f3n temprana en la primera infancia.<\/p>\n<p>Jardines pr\u00f3ximos a inaugurarse<br \/>\nDentro de este plan de inversi\u00f3n de obras de jardines de infantes, entre nuevos, refaccionados y ampliados, el gobernador Capitanich tiene previsto inaugurar este martes 9 de mayo la refacci\u00f3n y ampliaci\u00f3n del Jard\u00edn de Infantes N\u00ba 58 del barrio Provincias Unidas de Resistencia, con financiamiento de Fonplata, por una inversi\u00f3n superior a los 40 millones de pesos. Asimismo, est\u00e1n casi listos para inaugurarse el Jard\u00edn de Infantes 144 de Resistencia y jardines a crear en San Bernardo, en Pampa del Infierno y en Campo Largo, obras concretas que ratifican el rumbo de la gesti\u00f3n que trabaja para garantizar la escolaridad de ni\u00f1os y ni\u00f1as, matr\u00edcula en constante crecimiento. Cabe destacar que el Gobierno, a trav\u00e9s de los ministerios de Educaci\u00f3n y de Planificaci\u00f3n, Econom\u00eda e Infraestructura, lleva adelante un plan de infraestructura escolar hist\u00f3rico en la provincia con una gran inversi\u00f3n para concretar m\u00e1s de 180 obras, entre edificios nuevos, refaccionados y con ampliaciones. En total, suman 820 obras para todos los niveles y modalidades educativas entre los tres per\u00edodos de gesti\u00f3n de Capitanich, con el objetivo de garantizar espacios adecuados y seguros para el desarrollo de las clases y as\u00ed avanzar hacia la calidad educativa.<\/p>\n","protected":false},"excerpt":{"rendered":"<p>El ejecutivo provincial lleva adelante un plan de inversi\u00f3n para concretar m\u00e1s de 180 obras escolares entre edificios nuevos, refaccionados y con ampliaciones. El Gobierno provincial avanza con obras destinadas a fortalecer el nivel Inicial del sistema educativo chaque\u00f1o. En ese marco, a trav\u00e9s de la Subsecretar\u00eda de Infraestructura Escolar del Ministerio De Educaci\u00f3n, Cultura, [&hellip;]<\/p>\n","protected":false},"author":1,"featured_media":21414,"comment_status":"closed","ping_status":"closed","sticky":false,"template":"","format":"standard","meta":{"footnotes":""},"categories":[6],"tags":[],"class_list":{"0":"post-21413","1":"post","2":"type-post","3":"status-publish","4":"format-standard","5":"has-post-thumbnail","7":"category-chaco"},"_links":{"self":[{"href":"https:\/\/chacosintesis.com.ar\/index.php\/wp-json\/wp\/v2\/posts\/21413","targetHints":{"allow":["GET"]}}],"collection":[{"href":"https:\/\/chacosintesis.com.ar\/index.php\/wp-json\/wp\/v2\/posts"}],"about":[{"href":"https:\/\/chacosintesis.com.ar\/index.php\/wp-json\/wp\/v2\/types\/post"}],"author":[{"embeddable":true,"href":"https:\/\/chacosintesis.com.ar\/index.php\/wp-json\/wp\/v2\/users\/1"}],"replies":[{"embeddable":true,"href":"https:\/\/chacosintesis.com.ar\/index.php\/wp-json\/wp\/v2\/comments?post=21413"}],"version-history":[{"count":0,"href":"https:\/\/chacosintesis.com.ar\/index.php\/wp-json\/wp\/v2\/posts\/21413\/revisions"}],"wp:featuredmedia":[{"embeddable":true,"href":"https:\/\/chacosintesis.com.ar\/index.php\/wp-json\/wp\/v2\/media\/21414"}],"wp:attachment":[{"href":"https:\/\/chacosintesis.com.ar\/index.php\/wp-json\/wp\/v2\/media?parent=21413"}],"wp:term":[{"taxonomy":"category","embeddable":true,"href":"https:\/\/chacosintesis.com.ar\/index.php\/wp-json\/wp\/v2\/categories?post=21413"},{"taxonomy":"post_tag","embeddable":true,"href":"https:\/\/chacosintesis.com.ar\/index.php\/wp-json\/wp\/v2\/tags?post=21413"}],"curies":[{"name":"wp","href":"https:\/\/api.w.org\/{rel}","templated":true}]}}