{"id":21407,"date":"2023-05-09T12:20:40","date_gmt":"2023-05-09T15:20:40","guid":{"rendered":"https:\/\/chacosintesis.com.ar\/?p=21407"},"modified":"2023-05-09T12:37:29","modified_gmt":"2023-05-09T15:37:29","slug":"elecciones-en-chaco-confirman-que-no-habra-voto-electronico","status":"publish","type":"post","link":"https:\/\/chacosintesis.com.ar\/index.php\/elecciones-en-chaco-confirman-que-no-habra-voto-electronico\/","title":{"rendered":"Elecciones en Chaco: confirman que no habr\u00e1 voto electr\u00f3nico"},"content":{"rendered":"<p>El Gobierno provincial autoriz\u00f3 el llamado a licitaci\u00f3n para el servicio de correo de log\u00edstica electoral de cara a los comicios. Las PASO del 18 de junio y las Elecciones Generales ser\u00e1n con voto tradicional.<\/p>\n<p>A menos de dos meses de las elecciones primarias, abiertas, simult\u00e1neas y obligatorias (PASO), el Gobierno provincial dio el visto bueno a la Direcci\u00f3n General de Contrataciones  para el llamado a licitaci\u00f3n sobre el servicio de correo de log\u00edstica electoral.<\/p>\n<p>Para las PASO del 18 de junio y Elecciones Generales del 17 de septiembre, habr\u00e1 un total de 3200 mesas de sufragio en toda la provincia del Chaco. Todas ser\u00e1n con voto tradicional.<\/p>\n<p>La cifra del llamado a licitaci\u00f3n es un estimado de $850.500.000 y la Comisi\u00f3n de Preadjudicaci\u00f3n contar\u00e1 con la integraci\u00f3n del Ministerio de Gobierno y Trabajo, Direcci\u00f3n de Administraci\u00f3n del Ministerio de Gobierno, la Secretar\u00eda Electoral del Chaco y el Departamento de Contrataciones del Ministerio de Gobierno y Trabajo.<\/p>\n<p>DIARIO 22 AR<\/p>\n","protected":false},"excerpt":{"rendered":"<p>El Gobierno provincial autoriz\u00f3 el llamado a licitaci\u00f3n para el servicio de correo de log\u00edstica electoral de cara a los comicios. Las PASO del 18 de junio y las Elecciones Generales ser\u00e1n con voto tradicional. A menos de dos meses de las elecciones primarias, abiertas, simult\u00e1neas y obligatorias (PASO), el Gobierno provincial dio el visto [&hellip;]<\/p>\n","protected":false},"author":1,"featured_media":21408,"comment_status":"closed","ping_status":"closed","sticky":false,"template":"","format":"standard","meta":{"footnotes":""},"categories":[6],"tags":[],"class_list":{"0":"post-21407","1":"post","2":"type-post","3":"status-publish","4":"format-standard","5":"has-post-thumbnail","7":"category-chaco"},"_links":{"self":[{"href":"https:\/\/chacosintesis.com.ar\/index.php\/wp-json\/wp\/v2\/posts\/21407","targetHints":{"allow":["GET"]}}],"collection":[{"href":"https:\/\/chacosintesis.com.ar\/index.php\/wp-json\/wp\/v2\/posts"}],"about":[{"href":"https:\/\/chacosintesis.com.ar\/index.php\/wp-json\/wp\/v2\/types\/post"}],"author":[{"embeddable":true,"href":"https:\/\/chacosintesis.com.ar\/index.php\/wp-json\/wp\/v2\/users\/1"}],"replies":[{"embeddable":true,"href":"https:\/\/chacosintesis.com.ar\/index.php\/wp-json\/wp\/v2\/comments?post=21407"}],"version-history":[{"count":0,"href":"https:\/\/chacosintesis.com.ar\/index.php\/wp-json\/wp\/v2\/posts\/21407\/revisions"}],"wp:featuredmedia":[{"embeddable":true,"href":"https:\/\/chacosintesis.com.ar\/index.php\/wp-json\/wp\/v2\/media\/21408"}],"wp:attachment":[{"href":"https:\/\/chacosintesis.com.ar\/index.php\/wp-json\/wp\/v2\/media?parent=21407"}],"wp:term":[{"taxonomy":"category","embeddable":true,"href":"https:\/\/chacosintesis.com.ar\/index.php\/wp-json\/wp\/v2\/categories?post=21407"},{"taxonomy":"post_tag","embeddable":true,"href":"https:\/\/chacosintesis.com.ar\/index.php\/wp-json\/wp\/v2\/tags?post=21407"}],"curies":[{"name":"wp","href":"https:\/\/api.w.org\/{rel}","templated":true}]}}