{"id":21405,"date":"2023-05-09T09:56:41","date_gmt":"2023-05-09T12:56:41","guid":{"rendered":"https:\/\/chacosintesis.com.ar\/?p=21405"},"modified":"2023-05-09T10:07:09","modified_gmt":"2023-05-09T13:07:09","slug":"el-gobierno-el-nbch-y-la-bolsa-de-comercio-buscan-herramientas-para-impulsar-inversiones-con-colaboracion-publico-privada","status":"publish","type":"post","link":"https:\/\/chacosintesis.com.ar\/index.php\/el-gobierno-el-nbch-y-la-bolsa-de-comercio-buscan-herramientas-para-impulsar-inversiones-con-colaboracion-publico-privada\/","title":{"rendered":"El gobierno, el NBCH y la Bolsa de Comercio buscan herramientas para impulsar inversiones con colaboraci\u00f3n p\u00fablico-privada"},"content":{"rendered":"<p>El gobernador Jorge Capitanich se reuni\u00f3 este lunes con los presidentes del Nuevo Banco del Chaco, Federico Mu\u00f1oz Femenia, y de la Bolsa de Comercio del Chaco, Ariel Ojeda, con quienes avanz\u00f3 en propuestas que permitan impulsar nuevas inversiones a trav\u00e9s de la colaboraci\u00f3n p\u00fablico-privada, y puedan canalizar as\u00ed el crecimiento proyectado de la producci\u00f3n chaque\u00f1a.<br \/>\nEn el Sal\u00f3n Obligado de Casa de Gobierno estuvieron presentes, adem\u00e1s, la directora por el NBCH, Maia Woelflin; Fernando Ventureira, presidente de Fiduciaria del Norte; y representantes de Colono S.A.<br \/>\n\u201cTrabajamos para que las finanzas lleguen a la producci\u00f3n, porque si llegan a la producci\u00f3n van a llegar al trabajador implicando mejores salarios, como tambi\u00e9n es importante llegar a los emprendedores y a los empresarios para mayor rentabilidad\u201d, explic\u00f3 el mandatario en sus redes sociales.<br \/>\nEl encuentro sirvi\u00f3 para evaluar \u201csoluciones en los precios de mercado para los terrenos urbanos y nuevas inversiones para poder seguir desarrollando \u00e1reas productivas a trav\u00e9s de una coordinaci\u00f3n que cuente con herramientas financieras\u201d.<br \/>\nCapitanich resalt\u00f3, por \u00faltimo, la importancia de que \u201cla inversi\u00f3n se materialice y que la rentabilidad no se consiga solamente en el manejo financiero, sino en la producci\u00f3n anclada en la industrializaci\u00f3n, en el \u00e1rea de servicios y en mayor cantidad de bienes producidos\u201d.<\/p>\n","protected":false},"excerpt":{"rendered":"<p>El gobernador Jorge Capitanich se reuni\u00f3 este lunes con los presidentes del Nuevo Banco del Chaco, Federico Mu\u00f1oz Femenia, y de la Bolsa de Comercio del Chaco, Ariel Ojeda, con quienes avanz\u00f3 en propuestas que permitan impulsar nuevas inversiones a trav\u00e9s de la colaboraci\u00f3n p\u00fablico-privada, y puedan canalizar as\u00ed el crecimiento proyectado de la producci\u00f3n [&hellip;]<\/p>\n","protected":false},"author":1,"featured_media":21406,"comment_status":"closed","ping_status":"closed","sticky":false,"template":"","format":"standard","meta":{"footnotes":""},"categories":[6],"tags":[],"class_list":{"0":"post-21405","1":"post","2":"type-post","3":"status-publish","4":"format-standard","5":"has-post-thumbnail","7":"category-chaco"},"_links":{"self":[{"href":"https:\/\/chacosintesis.com.ar\/index.php\/wp-json\/wp\/v2\/posts\/21405","targetHints":{"allow":["GET"]}}],"collection":[{"href":"https:\/\/chacosintesis.com.ar\/index.php\/wp-json\/wp\/v2\/posts"}],"about":[{"href":"https:\/\/chacosintesis.com.ar\/index.php\/wp-json\/wp\/v2\/types\/post"}],"author":[{"embeddable":true,"href":"https:\/\/chacosintesis.com.ar\/index.php\/wp-json\/wp\/v2\/users\/1"}],"replies":[{"embeddable":true,"href":"https:\/\/chacosintesis.com.ar\/index.php\/wp-json\/wp\/v2\/comments?post=21405"}],"version-history":[{"count":0,"href":"https:\/\/chacosintesis.com.ar\/index.php\/wp-json\/wp\/v2\/posts\/21405\/revisions"}],"wp:featuredmedia":[{"embeddable":true,"href":"https:\/\/chacosintesis.com.ar\/index.php\/wp-json\/wp\/v2\/media\/21406"}],"wp:attachment":[{"href":"https:\/\/chacosintesis.com.ar\/index.php\/wp-json\/wp\/v2\/media?parent=21405"}],"wp:term":[{"taxonomy":"category","embeddable":true,"href":"https:\/\/chacosintesis.com.ar\/index.php\/wp-json\/wp\/v2\/categories?post=21405"},{"taxonomy":"post_tag","embeddable":true,"href":"https:\/\/chacosintesis.com.ar\/index.php\/wp-json\/wp\/v2\/tags?post=21405"}],"curies":[{"name":"wp","href":"https:\/\/api.w.org\/{rel}","templated":true}]}}