{"id":21403,"date":"2023-05-09T09:51:27","date_gmt":"2023-05-09T12:51:27","guid":{"rendered":"https:\/\/chacosintesis.com.ar\/?p=21403"},"modified":"2023-05-09T10:07:08","modified_gmt":"2023-05-09T13:07:08","slug":"volco-un-camion-frigorifico-dos-lesionados-y-mas-de-veinte-reses-cayeron-a-la-ruta","status":"publish","type":"post","link":"https:\/\/chacosintesis.com.ar\/index.php\/volco-un-camion-frigorifico-dos-lesionados-y-mas-de-veinte-reses-cayeron-a-la-ruta\/","title":{"rendered":"Volc\u00f3 un cami\u00f3n frigor\u00edfico: dos lesionados y m\u00e1s de veinte reses cayeron a la ruta"},"content":{"rendered":"<p>El siniestro vial ocurri\u00f3 esta ma\u00f1ana sobre la ruta 11 a la altura del kil\u00f3metro 12. Dos acompa\u00f1antes del conductor resultaron con lesiones leves. Trabajadores del frigor\u00edfico llegaron r\u00e1pidamente al lugar para levantar la carne.<\/p>\n<p>De acuerdo al informe policial, el siniestro vial ocurri\u00f3 alrededor de las 7:20 sobre la ruta nacional 11 a la altura del kil\u00f3metro 12.<br \/>\nUn cami\u00f3n Mercedes Benz correspondiente al frigor\u00edfico Bermejo de Las Palmas volc\u00f3 sobre la cinta asf\u00e1ltica. Las causas podr\u00edan obedecer a la escasa visibilidad por neblina.<br \/>\nEl conductor del cami\u00f3n de 22 a\u00f1os, oriundo de Puerto Eva Per\u00f3n, result\u00f3 ileso. En tanto, dos acompa\u00f1antes de 20 y 25 a\u00f1os, uno oriundo de Puerto Eva Per\u00f3n y el otro de Resistencia, resultaron con lesiones y fueron trasladados al hospital local.<br \/>\nPosteriormente, el propietario de la empresa frigor\u00edfica lleg\u00f3 al lugar con trabajadores de la misma para levantar r\u00e1pidamente la carne que termin\u00f3 sobre la ruta y la banquina.<br \/>\nIntervino en el operativo persona de la Comisar\u00eda Decimotercera<\/p>\n<p>DIARIO NORTE.-<\/p>\n","protected":false},"excerpt":{"rendered":"<p>El siniestro vial ocurri\u00f3 esta ma\u00f1ana sobre la ruta 11 a la altura del kil\u00f3metro 12. Dos acompa\u00f1antes del conductor resultaron con lesiones leves. Trabajadores del frigor\u00edfico llegaron r\u00e1pidamente al lugar para levantar la carne. De acuerdo al informe policial, el siniestro vial ocurri\u00f3 alrededor de las 7:20 sobre la ruta nacional 11 a la [&hellip;]<\/p>\n","protected":false},"author":1,"featured_media":21404,"comment_status":"closed","ping_status":"closed","sticky":false,"template":"","format":"standard","meta":{"footnotes":""},"categories":[6],"tags":[197],"class_list":{"0":"post-21403","1":"post","2":"type-post","3":"status-publish","4":"format-standard","5":"has-post-thumbnail","7":"category-chaco","8":"tag-destacada"},"_links":{"self":[{"href":"https:\/\/chacosintesis.com.ar\/index.php\/wp-json\/wp\/v2\/posts\/21403","targetHints":{"allow":["GET"]}}],"collection":[{"href":"https:\/\/chacosintesis.com.ar\/index.php\/wp-json\/wp\/v2\/posts"}],"about":[{"href":"https:\/\/chacosintesis.com.ar\/index.php\/wp-json\/wp\/v2\/types\/post"}],"author":[{"embeddable":true,"href":"https:\/\/chacosintesis.com.ar\/index.php\/wp-json\/wp\/v2\/users\/1"}],"replies":[{"embeddable":true,"href":"https:\/\/chacosintesis.com.ar\/index.php\/wp-json\/wp\/v2\/comments?post=21403"}],"version-history":[{"count":0,"href":"https:\/\/chacosintesis.com.ar\/index.php\/wp-json\/wp\/v2\/posts\/21403\/revisions"}],"wp:featuredmedia":[{"embeddable":true,"href":"https:\/\/chacosintesis.com.ar\/index.php\/wp-json\/wp\/v2\/media\/21404"}],"wp:attachment":[{"href":"https:\/\/chacosintesis.com.ar\/index.php\/wp-json\/wp\/v2\/media?parent=21403"}],"wp:term":[{"taxonomy":"category","embeddable":true,"href":"https:\/\/chacosintesis.com.ar\/index.php\/wp-json\/wp\/v2\/categories?post=21403"},{"taxonomy":"post_tag","embeddable":true,"href":"https:\/\/chacosintesis.com.ar\/index.php\/wp-json\/wp\/v2\/tags?post=21403"}],"curies":[{"name":"wp","href":"https:\/\/api.w.org\/{rel}","templated":true}]}}