{"id":21399,"date":"2023-05-08T18:10:57","date_gmt":"2023-05-08T21:10:57","guid":{"rendered":"https:\/\/chacosintesis.com.ar\/?p=21399"},"modified":"2023-05-08T18:36:48","modified_gmt":"2023-05-08T21:36:48","slug":"hito-para-la-salud-publica-del-chaco-primera-unidad-de-procuracion-pediatrica-de-organos-y-tejidos-para-trasplante-del-pais","status":"publish","type":"post","link":"https:\/\/chacosintesis.com.ar\/index.php\/hito-para-la-salud-publica-del-chaco-primera-unidad-de-procuracion-pediatrica-de-organos-y-tejidos-para-trasplante-del-pais\/","title":{"rendered":"Hito para la salud p\u00fablica del Chaco: primera Unidad de Procuraci\u00f3n Pedi\u00e1trica de \u00d3rganos y Tejidos para Trasplante del pa\u00eds"},"content":{"rendered":"<p>La unidad funcionar\u00e1 en el \u00e1mbito de la Terapia Intensiva bajo la dependencia de la Direcci\u00f3n del hospital Pedi\u00e1trico, trabajando de manera integrada con profesionales de dicha instituci\u00f3n y profesionales del INCUCAI, CUCAI Chaco y Ministerio de Salud provincial y nacional<br \/>\nLa ministra de Salud P\u00fablica del Chaco, Carolina Centeno y el presidente del Instituto Nacional Central \u00danico Coordinador de Ablaci\u00f3n e Implante, Carlos Soratti firmaron hoy el compromiso de gesti\u00f3n para la puesta en marcha de una Unidad Hospitalaria de Procuraci\u00f3n de \u00d3rganos y Tejidos (UHPROT) en el Hospital Pedi\u00e1trico de Resistencia. Ser\u00e1 la primera unidad de procuraci\u00f3n pedi\u00e1trica del pa\u00eds, lo que representa un hito para la salud p\u00fablica del Chaco. As\u00ed, se asegura en las redes sociales de la cartera sanitaria provincial en donde se agrega que tambi\u00e9n participaron de la firma la directora del Pedi\u00e1trico, Alicia Michelini; el director del CUCAI Chaco, Adri\u00e1n Bravo, y los respectivos equipos t\u00e9cnicos de las instituciones participantes.<br \/>\nLa unidad funcionar\u00e1 en el \u00e1mbito de la Terapia Intensiva bajo la dependencia de la Direcci\u00f3n del hospital Pedi\u00e1trico, trabajando de manera integrada con profesionales de dicha instituci\u00f3n y profesionales del INCUCAI, CUCAI Chaco y Ministerio de Salud provincial y nacional. El objetivo conjunto es el desarrollo integral del proceso de donaci\u00f3n en la instituci\u00f3n en pos de incrementar la disponibilidad de \u00f3rganos y tejidos para trasplante pedi\u00e1trico, se agrega en el posteo.<br \/>\nActualmente, 191 ni\u00f1as, ni\u00f1os y adolescentes se encuentran en lista de espera nacional. La firma del convenio se da en el marco del Programa de Unidades Hospitalarias de Procuraci\u00f3n de \u00d3rganos y Tejidos (PROCURAR), programa nacional que tiene como fin impulsar un modelo de procuraci\u00f3n &#8220;intrahospitalario&#8221;; es decir, tomando al hospital como un actor central para la generaci\u00f3n de donantes y poder dar respuesta a la demanda de \u00f3rganos y tejidos para trasplante.<br \/>\nEl Hospital Pedi\u00e1trico fue la primera instituci\u00f3n seleccionada a nivel pa\u00eds para participar como unidad de procuraci\u00f3n pedi\u00e1trica, \u201cun gran orgullo para el Chaco\u201d. De esta manera, se buscar\u00e1 profundizar las acciones de procuraci\u00f3n de \u00f3rganos de dicho Hospital, con m\u00e1s acciones que contin\u00faen poniendo en valor el acto de donar y para que m\u00e1s personas tengan la posibilidad de mejorar su calidad de vida y seguir viviendo.<\/p>\n","protected":false},"excerpt":{"rendered":"<p>La unidad funcionar\u00e1 en el \u00e1mbito de la Terapia Intensiva bajo la dependencia de la Direcci\u00f3n del hospital Pedi\u00e1trico, trabajando de manera integrada con profesionales de dicha instituci\u00f3n y profesionales del INCUCAI, CUCAI Chaco y Ministerio de Salud provincial y nacional La ministra de Salud P\u00fablica del Chaco, Carolina Centeno y el presidente del Instituto [&hellip;]<\/p>\n","protected":false},"author":1,"featured_media":21400,"comment_status":"closed","ping_status":"closed","sticky":false,"template":"","format":"standard","meta":{"footnotes":""},"categories":[6],"tags":[],"class_list":{"0":"post-21399","1":"post","2":"type-post","3":"status-publish","4":"format-standard","5":"has-post-thumbnail","7":"category-chaco"},"_links":{"self":[{"href":"https:\/\/chacosintesis.com.ar\/index.php\/wp-json\/wp\/v2\/posts\/21399","targetHints":{"allow":["GET"]}}],"collection":[{"href":"https:\/\/chacosintesis.com.ar\/index.php\/wp-json\/wp\/v2\/posts"}],"about":[{"href":"https:\/\/chacosintesis.com.ar\/index.php\/wp-json\/wp\/v2\/types\/post"}],"author":[{"embeddable":true,"href":"https:\/\/chacosintesis.com.ar\/index.php\/wp-json\/wp\/v2\/users\/1"}],"replies":[{"embeddable":true,"href":"https:\/\/chacosintesis.com.ar\/index.php\/wp-json\/wp\/v2\/comments?post=21399"}],"version-history":[{"count":0,"href":"https:\/\/chacosintesis.com.ar\/index.php\/wp-json\/wp\/v2\/posts\/21399\/revisions"}],"wp:featuredmedia":[{"embeddable":true,"href":"https:\/\/chacosintesis.com.ar\/index.php\/wp-json\/wp\/v2\/media\/21400"}],"wp:attachment":[{"href":"https:\/\/chacosintesis.com.ar\/index.php\/wp-json\/wp\/v2\/media?parent=21399"}],"wp:term":[{"taxonomy":"category","embeddable":true,"href":"https:\/\/chacosintesis.com.ar\/index.php\/wp-json\/wp\/v2\/categories?post=21399"},{"taxonomy":"post_tag","embeddable":true,"href":"https:\/\/chacosintesis.com.ar\/index.php\/wp-json\/wp\/v2\/tags?post=21399"}],"curies":[{"name":"wp","href":"https:\/\/api.w.org\/{rel}","templated":true}]}}