{"id":21397,"date":"2023-05-08T18:03:59","date_gmt":"2023-05-08T21:03:59","guid":{"rendered":"https:\/\/chacosintesis.com.ar\/?p=21397"},"modified":"2023-05-08T18:06:43","modified_gmt":"2023-05-08T21:06:43","slug":"la-fechaco-joven-renovo-parcialmente-sus-autoridades","status":"publish","type":"post","link":"https:\/\/chacosintesis.com.ar\/index.php\/la-fechaco-joven-renovo-parcialmente-sus-autoridades\/","title":{"rendered":"La FECHACO Joven renov\u00f3 parcialmente sus autoridades"},"content":{"rendered":"<p>De la reuni\u00f3n, participaron el vicepresidente primero de la FECHACO, Gustavo Delb\u00f3n, y el presidente y secretario de la C\u00e1mara de Comercio de S\u00e1enz Pe\u00f1a, Rodolfo Chebuar y Mart\u00edn Sobol, respectivamente. Clarisa Lopez, de CAMECH, es la nueva secretaria ejecutiva de la entidad joven.<br \/>\nCon la presencia del vicepresidente primero de Federaci\u00f3n Econ\u00f3mica del Chaco (FECHACO), Gustavo Delb\u00f3n, el presidente y secretario de la C\u00e1mara de Comercio de S\u00e1enz Pe\u00f1a, Rodolfo Chebuar y Martin Sobol respectivamente, la rama juvenil de dicha instituci\u00f3n (FECHACO Joven) llev\u00f3 adelante su Asamblea Anual Ordinaria, en la que renov\u00f3 de forma parcial a sus autoridades, en la entidad de la ciudad termal.<br \/>\nEn primer lugar, el presidente de la entidad joven, Alexis S\u00e1nchez destac\u00f3 la importante presencia de los referentes de todas las entidades asociadas a la Federaci\u00f3n Econ\u00f3mica y agradeci\u00f3 por el acompa\u00f1amiento recibido durante su primer a\u00f1o de gesti\u00f3n. Asimismo, destac\u00f3 que \u201cla renovaci\u00f3n parcial de cargos directivos y la incorporaci\u00f3n de j\u00f3venes representantes en el sector gremial son claves para forjar un camino que nos lleve a construir un futuro empresarial pr\u00f3spero y visionario en todo el territorio provincial\u201d.<\/p>\n<p>Comisi\u00f3n renovada<br \/>\nEn la oportunidad, se eligieron a un nuevo secretario ejecutivo y nuevos consejeros, por lo que la comisi\u00f3n directiva qued\u00f3 conformada de la siguiente manera:<br \/>\nPresidente, Alexis Sanchez (CCPECCH)<br \/>\nVicepresidente, Daniela Colman (C\u00e1mara de Comercio de Charata)<br \/>\nVicepresidente 2do, Lucas Pogorzelec (C\u00e1mara de Comercio de S\u00e1enz Pe\u00f1a)<br \/>\nVicepresidente 3ro, Claudio Machuanin (C\u00e1mara de Comercio de Villa \u00c1ngela)<br \/>\nVicepresidente 4to, C\u00e9sar Illesca (C\u00e1mara de Comercio de Castelli)<br \/>\nVicepresidente 5to, Celeste R\u00edos (C\u00e1mara de Comercio de Gral. Pinedo)<br \/>\nSecretario General, Diego Cabral (Colegio de Corredores Inmobiliarios)<br \/>\nProsecretario, Gaston Segovia (C\u00e1mara de Comercio de Barranqueras)<br \/>\nSecretaria Ejecutiva, Clarisa Lopez (CAMECH)<br \/>\nTesorero, Mario Gomez (C\u00e1mara de Comercio de Pampa del Indio)<br \/>\n1er. Consejero Titular, David Allende (C\u00e1mara de Comercio de Pampa del Infierno)<br \/>\n2do. Consejero Titular, Patricio Herrera (C\u00e1mara de Comercio de Las Bre\u00f1as)<br \/>\n3ro. Consejero Titular, Ayrton Urlich (C\u00e1mara de Comercio de Quitilipi)<br \/>\n4to. Consejero Titular, Flavia Sterzer (C\u00e1mara de Comercio de Hermoso Campo)<br \/>\n1er. Consejero Suplente, Dario Castelan (C\u00e1mara Regional Econ\u00f3mica El Zapallar)<br \/>\n2do. Consejero Suplente, Leonardo Lavrovic (C\u00e1mara de Comercio de Villa R\u00edo Bermejito).<br \/>\n3ro. Consejero Suplente, Luciana Anteniotti (Asociaci\u00f3n de hoteles, restaurantes, bares, confiter\u00edas y afines del Chaco).<br \/>\n4to. Consejero Suplente, Armndo Villordo (C\u00e1mara de Comercio de Castelli)<\/p>\n","protected":false},"excerpt":{"rendered":"<p>De la reuni\u00f3n, participaron el vicepresidente primero de la FECHACO, Gustavo Delb\u00f3n, y el presidente y secretario de la C\u00e1mara de Comercio de S\u00e1enz Pe\u00f1a, Rodolfo Chebuar y Mart\u00edn Sobol, respectivamente. Clarisa Lopez, de CAMECH, es la nueva secretaria ejecutiva de la entidad joven. Con la presencia del vicepresidente primero de Federaci\u00f3n Econ\u00f3mica del Chaco [&hellip;]<\/p>\n","protected":false},"author":1,"featured_media":21398,"comment_status":"closed","ping_status":"closed","sticky":false,"template":"","format":"standard","meta":{"footnotes":""},"categories":[6],"tags":[],"class_list":{"0":"post-21397","1":"post","2":"type-post","3":"status-publish","4":"format-standard","5":"has-post-thumbnail","7":"category-chaco"},"_links":{"self":[{"href":"https:\/\/chacosintesis.com.ar\/index.php\/wp-json\/wp\/v2\/posts\/21397","targetHints":{"allow":["GET"]}}],"collection":[{"href":"https:\/\/chacosintesis.com.ar\/index.php\/wp-json\/wp\/v2\/posts"}],"about":[{"href":"https:\/\/chacosintesis.com.ar\/index.php\/wp-json\/wp\/v2\/types\/post"}],"author":[{"embeddable":true,"href":"https:\/\/chacosintesis.com.ar\/index.php\/wp-json\/wp\/v2\/users\/1"}],"replies":[{"embeddable":true,"href":"https:\/\/chacosintesis.com.ar\/index.php\/wp-json\/wp\/v2\/comments?post=21397"}],"version-history":[{"count":0,"href":"https:\/\/chacosintesis.com.ar\/index.php\/wp-json\/wp\/v2\/posts\/21397\/revisions"}],"wp:featuredmedia":[{"embeddable":true,"href":"https:\/\/chacosintesis.com.ar\/index.php\/wp-json\/wp\/v2\/media\/21398"}],"wp:attachment":[{"href":"https:\/\/chacosintesis.com.ar\/index.php\/wp-json\/wp\/v2\/media?parent=21397"}],"wp:term":[{"taxonomy":"category","embeddable":true,"href":"https:\/\/chacosintesis.com.ar\/index.php\/wp-json\/wp\/v2\/categories?post=21397"},{"taxonomy":"post_tag","embeddable":true,"href":"https:\/\/chacosintesis.com.ar\/index.php\/wp-json\/wp\/v2\/tags?post=21397"}],"curies":[{"name":"wp","href":"https:\/\/api.w.org\/{rel}","templated":true}]}}