{"id":21391,"date":"2023-05-08T17:26:35","date_gmt":"2023-05-08T20:26:35","guid":{"rendered":"https:\/\/chacosintesis.com.ar\/?p=21391"},"modified":"2023-05-08T17:36:59","modified_gmt":"2023-05-08T20:36:59","slug":"el-gobierno-provincial-acercara-mejoras-habitacionales-y-asistencia-social-a-1-000-familias-de-resistencia","status":"publish","type":"post","link":"https:\/\/chacosintesis.com.ar\/index.php\/el-gobierno-provincial-acercara-mejoras-habitacionales-y-asistencia-social-a-1-000-familias-de-resistencia\/","title":{"rendered":"El Gobierno Provincial acercar\u00e1 mejoras habitacionales y asistencia social a 1.000 familias de Resistencia"},"content":{"rendered":"<p>Los operativos se centran en las barriadas de la Chacra 133, Villa R\u00edo Negro, Asentamiento 6 de septiembre y La Rubita. Equipos sociales y t\u00e9cnicos recorren casa por casa.<br \/>\nEn el marco de los programas \u201cMejor Techo, Mejor Vida\u201d y el Plan Federal Sanitario, equipos t\u00e9cnicos de los ministerios de Desarrollo Social y Planificaci\u00f3n, Econom\u00eda e Infraestructura est\u00e1n recorriendo 150 barrios de Resistencia para acercar soluciones habitacionales y sociales a las familias. Esta semana el operativo comenz\u00f3 en los barrios 10 de mayo y 6 de septiembre, encabezados por los titulares de ambas carteras gubernamentales. \u201cEstamos con equipos sociales y t\u00e9cnicos en la Chacra 133 para ver casa por casa, las necesidades de las y los vecinos. Hoy vamos a acercar soluciones a 1.000 familias de Resistencia, priorizando el Asentamiento 6 de septiembre, el barrio La Rubita, Villa R\u00edo Negro y las 18 barriadas de la Chacra 133\u201d, explic\u00f3 Mar\u00eda P\u00eda Chiacchio Cavana, t\u00edtular de Desarrollo Social.<br \/>\nEste operativo se realizar\u00e1 durante 15 d\u00edas, con visita a los barrios, casa por casa. \u201cSe hacen tres recorridas por cada barrio durante la semana para poder escuchar y hablar con todas las vecinas y vecinos. El equipo est\u00e1 conformado por una trabajadora social y un arquitecto, que hacen el relevamiento t\u00e9cnico y social de cada familia, certifican los ingresos que tiene el grupo y el grado de vulnerabilidad, y en funci\u00f3n de eso se define qu\u00e9 pol\u00edtica es la m\u00e1s adecuada para cada caso\u201d, coment\u00f3 Chiacchio Cavana.<br \/>\nDesde Desarrollo Social y la cartera de planificaci\u00f3n apuestan al mejoramiento de las condiciones de vida, ampliando las viviendas, evitar el hacinamiento familiar, garantizar que las conexiones de luz, agua e Internet sean seguras. \u201cNecesitamos contar con una ley para garantizar presupuesto para estos barrios, para las mejoras que necesitan. Una lluvia no puede impedir el acceso a un derecho como lo es ir a la escuela, ir a un centro de salud o de desarrollo infantil. Por eso entendemos que tiene que seguir la continuidad del gobierno de Jorge Capitanich para seguir dando respuesta a las necesidades que tiene la gente\u201d, aclar\u00f3 la ministra.<br \/>\nEl ministro Santiago P\u00e9rez Pons destac\u00f3 que este relevamiento de los barrios permite tener un conocimiento de primera mano de las necesidades de la gente y dar respuesta. \u201cHoy seguimos con problemas de acceso del transporte p\u00fablico a algunos barrios, m\u00e1s all\u00e1 de la inversi\u00f3n que hizo la provincia, porque las calles son intransitables, no hay mantenimiento, no se garantiza la recolecci\u00f3n de residuos y todo eso afecta a las vecinas y vecinos\u201d, remarc\u00f3 P\u00e9rez Pons.<\/p>\n","protected":false},"excerpt":{"rendered":"<p>Los operativos se centran en las barriadas de la Chacra 133, Villa R\u00edo Negro, Asentamiento 6 de septiembre y La Rubita. Equipos sociales y t\u00e9cnicos recorren casa por casa. En el marco de los programas \u201cMejor Techo, Mejor Vida\u201d y el Plan Federal Sanitario, equipos t\u00e9cnicos de los ministerios de Desarrollo Social y Planificaci\u00f3n, Econom\u00eda [&hellip;]<\/p>\n","protected":false},"author":1,"featured_media":21392,"comment_status":"closed","ping_status":"closed","sticky":false,"template":"","format":"standard","meta":{"footnotes":""},"categories":[6],"tags":[],"class_list":{"0":"post-21391","1":"post","2":"type-post","3":"status-publish","4":"format-standard","5":"has-post-thumbnail","7":"category-chaco"},"_links":{"self":[{"href":"https:\/\/chacosintesis.com.ar\/index.php\/wp-json\/wp\/v2\/posts\/21391","targetHints":{"allow":["GET"]}}],"collection":[{"href":"https:\/\/chacosintesis.com.ar\/index.php\/wp-json\/wp\/v2\/posts"}],"about":[{"href":"https:\/\/chacosintesis.com.ar\/index.php\/wp-json\/wp\/v2\/types\/post"}],"author":[{"embeddable":true,"href":"https:\/\/chacosintesis.com.ar\/index.php\/wp-json\/wp\/v2\/users\/1"}],"replies":[{"embeddable":true,"href":"https:\/\/chacosintesis.com.ar\/index.php\/wp-json\/wp\/v2\/comments?post=21391"}],"version-history":[{"count":0,"href":"https:\/\/chacosintesis.com.ar\/index.php\/wp-json\/wp\/v2\/posts\/21391\/revisions"}],"wp:featuredmedia":[{"embeddable":true,"href":"https:\/\/chacosintesis.com.ar\/index.php\/wp-json\/wp\/v2\/media\/21392"}],"wp:attachment":[{"href":"https:\/\/chacosintesis.com.ar\/index.php\/wp-json\/wp\/v2\/media?parent=21391"}],"wp:term":[{"taxonomy":"category","embeddable":true,"href":"https:\/\/chacosintesis.com.ar\/index.php\/wp-json\/wp\/v2\/categories?post=21391"},{"taxonomy":"post_tag","embeddable":true,"href":"https:\/\/chacosintesis.com.ar\/index.php\/wp-json\/wp\/v2\/tags?post=21391"}],"curies":[{"name":"wp","href":"https:\/\/api.w.org\/{rel}","templated":true}]}}