{"id":21385,"date":"2023-05-08T17:21:48","date_gmt":"2023-05-08T20:21:48","guid":{"rendered":"https:\/\/chacosintesis.com.ar\/?p=21385"},"modified":"2023-05-08T17:36:57","modified_gmt":"2023-05-08T20:36:57","slug":"salud-publica-realizara-una-nueva-jornada-comunitaria-con-nueve-especialistas-y-entrega-de-medicamentos","status":"publish","type":"post","link":"https:\/\/chacosintesis.com.ar\/index.php\/salud-publica-realizara-una-nueva-jornada-comunitaria-con-nueve-especialistas-y-entrega-de-medicamentos\/","title":{"rendered":"Salud P\u00fablica realizar\u00e1 una nueva jornada comunitaria con nueve especialistas y entrega de medicamentos"},"content":{"rendered":"<p>De 8 a 15, las y los profesionales brindar\u00e1n atenci\u00f3n gratuita en el Centro de Salud \u201cEnrique Acerbo\u201d.<br \/>\nEl Ministerio de Salud P\u00fablica del Chaco, realizar\u00e1 este martes 9 de mayo, una nueva jornada de prevenci\u00f3n, atenci\u00f3n y promoci\u00f3n de la salud en el Centro de Salud \u201cEnrique Acerbo\u201d de la localidad de General Capdevila. Adem\u00e1s, se realizar\u00e1 entrega de medicamentos.<br \/>\nLa atenci\u00f3n de las y los especialistas comenzar\u00e1 a las 8 y se extender\u00e1 hasta las 15. Las especialidades que brindar\u00e1n atenci\u00f3n gratuita ser\u00e1n: medicina cl\u00ednica, pediatr\u00eda, cardiolog\u00eda, obstetricia, enfermer\u00eda, odontolog\u00eda, laboratorio, trabajo social, el Programa de Salud Integral en G\u00e9neros y Diversidades.<br \/>\nAdem\u00e1s, acompa\u00f1ar\u00e1n la jornada el Programa Nacional Incluir Salud.<br \/>\nSe recomienda asistir con DNI y carnet de vacunaci\u00f3n, en caso de tenerlo.<\/p>\n","protected":false},"excerpt":{"rendered":"<p>De 8 a 15, las y los profesionales brindar\u00e1n atenci\u00f3n gratuita en el Centro de Salud \u201cEnrique Acerbo\u201d. El Ministerio de Salud P\u00fablica del Chaco, realizar\u00e1 este martes 9 de mayo, una nueva jornada de prevenci\u00f3n, atenci\u00f3n y promoci\u00f3n de la salud en el Centro de Salud \u201cEnrique Acerbo\u201d de la localidad de General Capdevila. [&hellip;]<\/p>\n","protected":false},"author":1,"featured_media":21386,"comment_status":"closed","ping_status":"closed","sticky":false,"template":"","format":"standard","meta":{"footnotes":""},"categories":[6],"tags":[],"class_list":{"0":"post-21385","1":"post","2":"type-post","3":"status-publish","4":"format-standard","5":"has-post-thumbnail","7":"category-chaco"},"_links":{"self":[{"href":"https:\/\/chacosintesis.com.ar\/index.php\/wp-json\/wp\/v2\/posts\/21385","targetHints":{"allow":["GET"]}}],"collection":[{"href":"https:\/\/chacosintesis.com.ar\/index.php\/wp-json\/wp\/v2\/posts"}],"about":[{"href":"https:\/\/chacosintesis.com.ar\/index.php\/wp-json\/wp\/v2\/types\/post"}],"author":[{"embeddable":true,"href":"https:\/\/chacosintesis.com.ar\/index.php\/wp-json\/wp\/v2\/users\/1"}],"replies":[{"embeddable":true,"href":"https:\/\/chacosintesis.com.ar\/index.php\/wp-json\/wp\/v2\/comments?post=21385"}],"version-history":[{"count":0,"href":"https:\/\/chacosintesis.com.ar\/index.php\/wp-json\/wp\/v2\/posts\/21385\/revisions"}],"wp:featuredmedia":[{"embeddable":true,"href":"https:\/\/chacosintesis.com.ar\/index.php\/wp-json\/wp\/v2\/media\/21386"}],"wp:attachment":[{"href":"https:\/\/chacosintesis.com.ar\/index.php\/wp-json\/wp\/v2\/media?parent=21385"}],"wp:term":[{"taxonomy":"category","embeddable":true,"href":"https:\/\/chacosintesis.com.ar\/index.php\/wp-json\/wp\/v2\/categories?post=21385"},{"taxonomy":"post_tag","embeddable":true,"href":"https:\/\/chacosintesis.com.ar\/index.php\/wp-json\/wp\/v2\/tags?post=21385"}],"curies":[{"name":"wp","href":"https:\/\/api.w.org\/{rel}","templated":true}]}}