{"id":21373,"date":"2023-05-08T17:02:54","date_gmt":"2023-05-08T20:02:54","guid":{"rendered":"https:\/\/chacosintesis.com.ar\/?p=21373"},"modified":"2023-05-08T17:07:09","modified_gmt":"2023-05-08T20:07:09","slug":"desde-el-gobierno-ratifican-las-politicas-publicas-contra-la-violencia-institucional","status":"publish","type":"post","link":"https:\/\/chacosintesis.com.ar\/index.php\/desde-el-gobierno-ratifican-las-politicas-publicas-contra-la-violencia-institucional\/","title":{"rendered":"Desde el Gobierno ratifican las pol\u00edticas p\u00fablicas contra la violencia institucional"},"content":{"rendered":"<p>En el D\u00eda de la Lucha contra la Violencia Institucional recuerdan la vigencia de la guardia activa los 365 d\u00edas del a\u00f1o durante las 24 horas a trav\u00e9s del 362-4746518, para consultar y\/o denunciar casos de violencia institucional.<br \/>\nEn el D\u00eda de la Lucha contra la Violencia Institucional en Argentina, la Secretar\u00eda de Derechos Humanos y G\u00e9neros del Chaco, ratifica las pol\u00edticas p\u00fablicas tendientes a la defensa y promoci\u00f3n de los derechos humanos y la erradicaci\u00f3n de toda forma de violencia institucional. El objetivo es garantizar la protecci\u00f3n y promoci\u00f3n de los derechos humanos de todas las personas, especialmente de aquellas que se encuentran en situaci\u00f3n de vulnerabilidad. Entre ellas, se brinda asistencia integral, contenci\u00f3n psicol\u00f3gica y acompa\u00f1amiento y asesor\u00eda legal a v\u00edctimas y familias de hechos de esta \u00edndole. Se recuerda la vigencia de la guardia activa los 365 d\u00edas del a\u00f1o durante las 24 horas a trav\u00e9s del 362-4746518, para consultar y\/o denunciar casos de violencia institucional. La violencia institucional se refiere a todo abuso de poder, f\u00edsico o psicol\u00f3gico, que ejerce el Estado en cualquiera de sus niveles y dependencias, sobre personas u organizaciones de la sociedad civil. La Secretar\u00eda de DDHH y G\u00e9neros se encuentra incluida dentro de la mesa intersectorial de Lucha contra la Violencia Institucional, de la que participan funcionarios y funcionarias del gabinete provincial, del Poder Judicial, organizaciones civiles y familiares de v\u00edctimas.<\/p>\n<p> L\u00edneas de trabajo:<br \/>\nUno de los principales programas implementados por la Secretar\u00eda es el de Promotoras y Promotores de Derechos Humanos, que busca fomentar la formaci\u00f3n y capacitaci\u00f3n para que cualquier ciudadana o ciudadano pueda ser un sujeto activo en la difusi\u00f3n y promoci\u00f3n de los derechos de todas y todos. Este programa se lleva adelante a trav\u00e9s de capacitaciones presenciales y virtuales, y est\u00e1 destinado a personas que deseen formarse en la tem\u00e1tica. Asimismo, se implementan los llamados Puntos de DDHH, que apuntan a promover las l\u00edneas de atenci\u00f3n y acompa\u00f1amiento en casos de vulneraciones de derechos humanos. Estos puntos se encuentran distribuidos en las diferentes postas de la provincia y cuentan con promotores en DDHH que proponen crear \u00e1mbitos de reflexi\u00f3n participativos para que personas de la comunidad puedan conocer los derechos humanos de todas y todos. Por otro lado, se encuentra vigente la Ley N\u00b0 3517-A, que establece la capacitaci\u00f3n obligatoria transversal en la tem\u00e1tica de derechos humanos bajo la articulaci\u00f3n y coordinaci\u00f3n de la Secretar\u00eda, para la prevenci\u00f3n de la violencia institucional, el odio, el racismo, la discriminaci\u00f3n y la xenofobia para todas las personas que se desempe\u00f1an en la funci\u00f3n p\u00fablica.<br \/>\n Antecedentes<br \/>\nEn la madrugada del 8 de mayo de 1987, efectivos policiales de la Comisar\u00eda de Ingeniero Budge acribillaron a tres j\u00f3venes que se encontraban conversando en una esquina. El hecho conmocion\u00f3 a la comunidad y puso en el centro del debate pol\u00edtico de la \u00e9poca la conducta deliberada de las fuerzas de seguridad de &#8220;gatillo f\u00e1cil&#8221;. El aberrante suceso gener\u00f3 una fuerte resistencia social que visibiliz\u00f3 otros hechos de la misma naturaleza. Esta fuerte demanda social motiv\u00f3 que el Congreso Nacional sancionara por unanimidad la Ley N\u00ba 26.811\/13.<\/p>\n","protected":false},"excerpt":{"rendered":"<p>En el D\u00eda de la Lucha contra la Violencia Institucional recuerdan la vigencia de la guardia activa los 365 d\u00edas del a\u00f1o durante las 24 horas a trav\u00e9s del 362-4746518, para consultar y\/o denunciar casos de violencia institucional. En el D\u00eda de la Lucha contra la Violencia Institucional en Argentina, la Secretar\u00eda de Derechos Humanos [&hellip;]<\/p>\n","protected":false},"author":1,"featured_media":21374,"comment_status":"closed","ping_status":"closed","sticky":false,"template":"","format":"standard","meta":{"footnotes":""},"categories":[6],"tags":[],"class_list":{"0":"post-21373","1":"post","2":"type-post","3":"status-publish","4":"format-standard","5":"has-post-thumbnail","7":"category-chaco"},"_links":{"self":[{"href":"https:\/\/chacosintesis.com.ar\/index.php\/wp-json\/wp\/v2\/posts\/21373","targetHints":{"allow":["GET"]}}],"collection":[{"href":"https:\/\/chacosintesis.com.ar\/index.php\/wp-json\/wp\/v2\/posts"}],"about":[{"href":"https:\/\/chacosintesis.com.ar\/index.php\/wp-json\/wp\/v2\/types\/post"}],"author":[{"embeddable":true,"href":"https:\/\/chacosintesis.com.ar\/index.php\/wp-json\/wp\/v2\/users\/1"}],"replies":[{"embeddable":true,"href":"https:\/\/chacosintesis.com.ar\/index.php\/wp-json\/wp\/v2\/comments?post=21373"}],"version-history":[{"count":0,"href":"https:\/\/chacosintesis.com.ar\/index.php\/wp-json\/wp\/v2\/posts\/21373\/revisions"}],"wp:featuredmedia":[{"embeddable":true,"href":"https:\/\/chacosintesis.com.ar\/index.php\/wp-json\/wp\/v2\/media\/21374"}],"wp:attachment":[{"href":"https:\/\/chacosintesis.com.ar\/index.php\/wp-json\/wp\/v2\/media?parent=21373"}],"wp:term":[{"taxonomy":"category","embeddable":true,"href":"https:\/\/chacosintesis.com.ar\/index.php\/wp-json\/wp\/v2\/categories?post=21373"},{"taxonomy":"post_tag","embeddable":true,"href":"https:\/\/chacosintesis.com.ar\/index.php\/wp-json\/wp\/v2\/tags?post=21373"}],"curies":[{"name":"wp","href":"https:\/\/api.w.org\/{rel}","templated":true}]}}