{"id":213721,"date":"2026-04-01T12:10:12","date_gmt":"2026-04-01T15:10:12","guid":{"rendered":"https:\/\/chacosintesis.com.ar\/?p=213721"},"modified":"2026-04-01T12:10:13","modified_gmt":"2026-04-01T15:10:13","slug":"saenz-pena-comenzo-el-torneo-apertura-2026-de-la-liga-municipal-de-futbol-infantil","status":"publish","type":"post","link":"https:\/\/chacosintesis.com.ar\/index.php\/saenz-pena-comenzo-el-torneo-apertura-2026-de-la-liga-municipal-de-futbol-infantil\/","title":{"rendered":"S\u00e1enz Pe\u00f1a: Comenz\u00f3 el Torneo Apertura 2026 de la Liga Municipal de F\u00fatbol Infantil"},"content":{"rendered":"\n<p>Con una gran convocatoria, este martes comenz\u00f3 el Torneo Apertura 2026 de la Liga Municipal de F\u00fatbol Infantil de S\u00e1enz Pe\u00f1a, en el predio de la Asociaci\u00f3n de Veteranos.<\/p>\n\n\n\n<p>Este a\u00f1o, el torneo contar\u00e1 con la participaci\u00f3n de casi 100 equipos, distribuidos en 9 categor\u00edas que van desde la 2011 hasta la 2019, consolid\u00e1ndose como uno de los espacios deportivos m\u00e1s importantes para el desarrollo infantil en la regi\u00f3n.<\/p>\n\n\n\n<figure class=\"wp-block-gallery has-nested-images columns-default is-cropped wp-block-gallery-1 is-layout-flex wp-block-gallery-is-layout-flex\">\n<figure class=\"wp-block-image size-large\"><img decoding=\"async\" src=\"data:image\/gif;base64,R0lGODlhAQABAIAAAAAAAP\/\/\/ywAAAAAAQABAAACAUwAOw==\" fifu-lazy=\"1\" fifu-data-sizes=\"auto\" fifu-data-srcset=\"https:\/\/i2.wp.com\/chacosintesis.com.ar\/wp-content\/uploads\/2026\/04\/WhatsApp-Image-2026-04-01-at-9.38.50-AM.jpeg?ssl=1&w=75&resize=75&ssl=1 75w, https:\/\/i2.wp.com\/chacosintesis.com.ar\/wp-content\/uploads\/2026\/04\/WhatsApp-Image-2026-04-01-at-9.38.50-AM.jpeg?ssl=1&w=100&resize=100&ssl=1 100w, https:\/\/i2.wp.com\/chacosintesis.com.ar\/wp-content\/uploads\/2026\/04\/WhatsApp-Image-2026-04-01-at-9.38.50-AM.jpeg?ssl=1&w=150&resize=150&ssl=1 150w, https:\/\/i2.wp.com\/chacosintesis.com.ar\/wp-content\/uploads\/2026\/04\/WhatsApp-Image-2026-04-01-at-9.38.50-AM.jpeg?ssl=1&w=240&resize=240&ssl=1 240w, https:\/\/i2.wp.com\/chacosintesis.com.ar\/wp-content\/uploads\/2026\/04\/WhatsApp-Image-2026-04-01-at-9.38.50-AM.jpeg?ssl=1&w=320&resize=320&ssl=1 320w, https:\/\/i2.wp.com\/chacosintesis.com.ar\/wp-content\/uploads\/2026\/04\/WhatsApp-Image-2026-04-01-at-9.38.50-AM.jpeg?ssl=1&w=500&resize=500&ssl=1 500w, https:\/\/i2.wp.com\/chacosintesis.com.ar\/wp-content\/uploads\/2026\/04\/WhatsApp-Image-2026-04-01-at-9.38.50-AM.jpeg?ssl=1&w=640&resize=640&ssl=1 640w, https:\/\/i2.wp.com\/chacosintesis.com.ar\/wp-content\/uploads\/2026\/04\/WhatsApp-Image-2026-04-01-at-9.38.50-AM.jpeg?ssl=1&w=800&resize=800&ssl=1 800w, https:\/\/i2.wp.com\/chacosintesis.com.ar\/wp-content\/uploads\/2026\/04\/WhatsApp-Image-2026-04-01-at-9.38.50-AM.jpeg?ssl=1&w=1024&resize=1024&ssl=1 1024w, https:\/\/i2.wp.com\/chacosintesis.com.ar\/wp-content\/uploads\/2026\/04\/WhatsApp-Image-2026-04-01-at-9.38.50-AM.jpeg?ssl=1&w=1280&resize=1280&ssl=1 1280w, https:\/\/i2.wp.com\/chacosintesis.com.ar\/wp-content\/uploads\/2026\/04\/WhatsApp-Image-2026-04-01-at-9.38.50-AM.jpeg?ssl=1&w=1600&resize=1600&ssl=1 1600w\" data-id=\"213722\" fifu-data-src=\"https:\/\/i2.wp.com\/chacosintesis.com.ar\/wp-content\/uploads\/2026\/04\/WhatsApp-Image-2026-04-01-at-9.38.50-AM.jpeg?ssl=1\" alt=\"\" class=\"wp-image-213722\"\/><\/figure>\n\n\n\n<figure class=\"wp-block-image size-large\"><\/figure>\n<\/figure>\n\n\n\n<p>Es importante destacar que, en esta primera fecha, se vivi\u00f3 un verdadero encuentro regional con la participaci\u00f3n de equipos de Tres Isletas, Castelli, Quitilipi, Machagai, Avia Terai y Pampa del Infierno.<\/p>\n\n\n\n<p>Los partidos se disputar\u00e1n los martes y jueves desde las 19 hs.<\/p>\n\n\n\n<p>Desde el municipio seguimos apostando al deporte como herramienta de inclusi\u00f3n y formaci\u00f3n.<\/p>\n","protected":false},"excerpt":{"rendered":"<p>Con una gran convocatoria, este martes comenz\u00f3 el Torneo Apertura 2026 de la Liga Municipal de F\u00fatbol Infantil de S\u00e1enz Pe\u00f1a, en el predio de la Asociaci\u00f3n de Veteranos. Este a\u00f1o, el torneo contar\u00e1 con la participaci\u00f3n de casi 100 equipos, distribuidos en 9 categor\u00edas que van desde la 2011 hasta la 2019, consolid\u00e1ndose como [&hellip;]<\/p>\n","protected":false},"author":1,"featured_media":213723,"comment_status":"closed","ping_status":"closed","sticky":false,"template":"","format":"standard","meta":{"footnotes":""},"categories":[6],"tags":[342,1069,628],"class_list":{"0":"post-213721","1":"post","2":"type-post","3":"status-publish","4":"format-standard","5":"has-post-thumbnail","7":"category-chaco","8":"tag-futbol","9":"tag-infantil","10":"tag-saenzpena"},"_links":{"self":[{"href":"https:\/\/chacosintesis.com.ar\/index.php\/wp-json\/wp\/v2\/posts\/213721","targetHints":{"allow":["GET"]}}],"collection":[{"href":"https:\/\/chacosintesis.com.ar\/index.php\/wp-json\/wp\/v2\/posts"}],"about":[{"href":"https:\/\/chacosintesis.com.ar\/index.php\/wp-json\/wp\/v2\/types\/post"}],"author":[{"embeddable":true,"href":"https:\/\/chacosintesis.com.ar\/index.php\/wp-json\/wp\/v2\/users\/1"}],"replies":[{"embeddable":true,"href":"https:\/\/chacosintesis.com.ar\/index.php\/wp-json\/wp\/v2\/comments?post=213721"}],"version-history":[{"count":1,"href":"https:\/\/chacosintesis.com.ar\/index.php\/wp-json\/wp\/v2\/posts\/213721\/revisions"}],"predecessor-version":[{"id":213726,"href":"https:\/\/chacosintesis.com.ar\/index.php\/wp-json\/wp\/v2\/posts\/213721\/revisions\/213726"}],"wp:featuredmedia":[{"embeddable":true,"href":"https:\/\/chacosintesis.com.ar\/index.php\/wp-json\/wp\/v2\/media\/213723"}],"wp:attachment":[{"href":"https:\/\/chacosintesis.com.ar\/index.php\/wp-json\/wp\/v2\/media?parent=213721"}],"wp:term":[{"taxonomy":"category","embeddable":true,"href":"https:\/\/chacosintesis.com.ar\/index.php\/wp-json\/wp\/v2\/categories?post=213721"},{"taxonomy":"post_tag","embeddable":true,"href":"https:\/\/chacosintesis.com.ar\/index.php\/wp-json\/wp\/v2\/tags?post=213721"}],"curies":[{"name":"wp","href":"https:\/\/api.w.org\/{rel}","templated":true}]}}