{"id":21371,"date":"2023-05-08T17:01:38","date_gmt":"2023-05-08T20:01:38","guid":{"rendered":"https:\/\/chacosintesis.com.ar\/?p=21371"},"modified":"2023-05-08T17:07:09","modified_gmt":"2023-05-08T20:07:09","slug":"se-realiza-en-machagai-el-septimo-remate-ganadero","status":"publish","type":"post","link":"https:\/\/chacosintesis.com.ar\/index.php\/se-realiza-en-machagai-el-septimo-remate-ganadero\/","title":{"rendered":"Se realiza en Machagai el s\u00e9ptimo remate ganadero"},"content":{"rendered":"<p>Saldr\u00e1n a pista animales con destino para abasto, conserva e invernada, aportados por peque\u00f1os y medianos ganaderos locales y de parajes vecinos.<br \/>\nEl Ministerio de Producci\u00f3n, Industria y Empleo llevar\u00e1 adelante este martes en Machagai el s\u00e9ptimo remate ganadero del a\u00f1o para peque\u00f1os y medianos productores. La ronda, cuyo inicio est\u00e1 previsto para las 14.30, contar\u00e1 con bajada de martillo por parte de la firma consignataria O\u2019Farrel SRL. \u201cTenemos muchas expectativas para este nuevo remate en una plaza que gana en protagonismo y que concita atenci\u00f3n del sector productivo de la zona centro de la provincia\u201d, sostuvo este lunes el subsecretario de Ganader\u00eda, Sebasti\u00e1n Bravo.<br \/>\n\u201cDesde el gobierno continuamos adelante con este programa que busca impulsar y dinamizar la ganader\u00eda con beneficios directos a los peque\u00f1os y medianos productores\u201d, agreg\u00f3. En esta oportunidad en Machagai saldr\u00e1n a pista animales con destino para abasto, conserva e invernada, aportados por peque\u00f1os y medianos ganaderos locales y de parajes vecinos.<br \/>\nPara 2023, el Ministerio proyect\u00f3 la realizaci\u00f3n de una quincena de remates, de los cuales ya se llevan concretados seis; aunque con el correr de los meses podr\u00edan surgir nuevos eventos que se sumen al calendario por fuera de lo inicialmente previsto. Este lunes, los equipos t\u00e9cnicos tanto de la Subsecretar\u00eda de Ganader\u00eda como del Plan Ganadero Provincial completaron las tareas de organizaci\u00f3n y log\u00edstica en el predio en que se har\u00e1 la ronda.<br \/>\n\u201cEste remate de Machagai estaba originalmente previsto para el mi\u00e9rcoles 3 de mayo pasado, pero a ra\u00edz de las fuertes lluvias que afectaron a gran parte de la provincia durante casi una semana, decidimos postergarlo y pasarlo para este martes 9\u201d, indic\u00f3 Bravo.<br \/>\nEl funcionario hizo hincapi\u00e9 en los beneficios que este esquema aporta a los peque\u00f1os y medianos productores, quienes acceden a exenciones en distintos costos log\u00edsticos y operativos que son absorbidos por el gobierno. \u201cEl no pago del flete, as\u00ed como el canon por el derecho de pista y la comisi\u00f3n de la firma consignataria se destacan como los puntos salientes del programa\u201d, remarc\u00f3 Bravo.<br \/>\n\u201cEste esquema instrumentado por el Ministerio a trav\u00e9s de nuestros equipos t\u00e9cnicos brinda a cada productor la posibilidad de sumarse y mejorar el mecanismo de venta de sus animales\u201d, a\u00f1adi\u00f3.<\/p>\n<p> Agenda para lo que viene<\/p>\n<p>De acuerdo con el calendario de eventos previsto para este a\u00f1o, luego de la ronda de ma\u00f1ana en Machagai, viene el del jueves 11 de mayo en Villa Berthet.<br \/>\nLa continuidad de los remates estar\u00e1 marcada por Santa Sylvina (el viernes 19 de mayo pr\u00f3ximo) y Quitilipi (22 de junio).<br \/>\nEn lo que va del a\u00f1o, en tanto, se realizaron jornadas en Margarita Bel\u00e9n (en dos ocasiones), Presidencia de la Plaza, General San Mart\u00edn, Pampa del Indio y Las Bre\u00f1as.<\/p>\n","protected":false},"excerpt":{"rendered":"<p>Saldr\u00e1n a pista animales con destino para abasto, conserva e invernada, aportados por peque\u00f1os y medianos ganaderos locales y de parajes vecinos. El Ministerio de Producci\u00f3n, Industria y Empleo llevar\u00e1 adelante este martes en Machagai el s\u00e9ptimo remate ganadero del a\u00f1o para peque\u00f1os y medianos productores. La ronda, cuyo inicio est\u00e1 previsto para las 14.30, [&hellip;]<\/p>\n","protected":false},"author":1,"featured_media":21372,"comment_status":"closed","ping_status":"closed","sticky":false,"template":"","format":"standard","meta":{"footnotes":""},"categories":[6],"tags":[],"class_list":{"0":"post-21371","1":"post","2":"type-post","3":"status-publish","4":"format-standard","5":"has-post-thumbnail","7":"category-chaco"},"_links":{"self":[{"href":"https:\/\/chacosintesis.com.ar\/index.php\/wp-json\/wp\/v2\/posts\/21371","targetHints":{"allow":["GET"]}}],"collection":[{"href":"https:\/\/chacosintesis.com.ar\/index.php\/wp-json\/wp\/v2\/posts"}],"about":[{"href":"https:\/\/chacosintesis.com.ar\/index.php\/wp-json\/wp\/v2\/types\/post"}],"author":[{"embeddable":true,"href":"https:\/\/chacosintesis.com.ar\/index.php\/wp-json\/wp\/v2\/users\/1"}],"replies":[{"embeddable":true,"href":"https:\/\/chacosintesis.com.ar\/index.php\/wp-json\/wp\/v2\/comments?post=21371"}],"version-history":[{"count":0,"href":"https:\/\/chacosintesis.com.ar\/index.php\/wp-json\/wp\/v2\/posts\/21371\/revisions"}],"wp:featuredmedia":[{"embeddable":true,"href":"https:\/\/chacosintesis.com.ar\/index.php\/wp-json\/wp\/v2\/media\/21372"}],"wp:attachment":[{"href":"https:\/\/chacosintesis.com.ar\/index.php\/wp-json\/wp\/v2\/media?parent=21371"}],"wp:term":[{"taxonomy":"category","embeddable":true,"href":"https:\/\/chacosintesis.com.ar\/index.php\/wp-json\/wp\/v2\/categories?post=21371"},{"taxonomy":"post_tag","embeddable":true,"href":"https:\/\/chacosintesis.com.ar\/index.php\/wp-json\/wp\/v2\/tags?post=21371"}],"curies":[{"name":"wp","href":"https:\/\/api.w.org\/{rel}","templated":true}]}}