{"id":21367,"date":"2023-05-08T16:58:23","date_gmt":"2023-05-08T19:58:23","guid":{"rendered":"https:\/\/chacosintesis.com.ar\/?p=21367"},"modified":"2023-05-08T17:07:08","modified_gmt":"2023-05-08T20:07:08","slug":"upcn-pide-transparencia-al-ministerio-de-salud-en-otorgamiento-de-bonificaciones-exclusivas","status":"publish","type":"post","link":"https:\/\/chacosintesis.com.ar\/index.php\/upcn-pide-transparencia-al-ministerio-de-salud-en-otorgamiento-de-bonificaciones-exclusivas\/","title":{"rendered":"UPCN pide \u201ctransparencia\u201d al Ministerio de Salud en otorgamiento de bonificaciones exclusivas"},"content":{"rendered":"<p>La secretaria General de Uni\u00f3n Personal Civil de la Naci\u00f3n (UPCN), Perla Portal, expres\u00f3 el pedido gremial contra el Ministerio de Salud P\u00fablica que conduce Carolina Centeno por el otorgamiento de bonificaciones a trabajadores profesionales de toda la provincia, los cuales tendr\u00edan una decisi\u00f3n irregular, seg\u00fan entiende la referente sindical.<br \/>\n\u201cEstamos hablando de una bonificaci\u00f3n de dedicaci\u00f3n exclusiva que han firmado con un s\u00f3lo sindicato, que es lo que nos preocupa. Nadie puede cercenar los derechos de los trabajadores, hay m\u00e1s de 1.000 compa\u00f1eros que est\u00e1n esperando esto hace much\u00edsimo tiempo y creo que hay que dar otras garant\u00edas\u201d, expres\u00f3 Portal en comunicaci\u00f3n con Radio Provincia del Chaco.<br \/>\nEn ese sentido, explic\u00f3 que \u201ces una bonificaci\u00f3n que est\u00e1 suspendida hace tres a\u00f1os y ahora se pudo destrabar, pero me parece que las formas hay que cuidarlas\u201d. \u201cLos compa\u00f1eros est\u00e1n muy molestos, le hemos transmitido a la jefa de la cartera (Centeno) la preocupaci\u00f3n, que den garant\u00edas y que se haga de manera transparente\u201d, indic\u00f3.<br \/>\nSobre esto, remarc\u00f3 que \u201ces muy imperioso que se tenga una regulaci\u00f3n m\u00e1s clara\u201d y se\u00f1al\u00f3 que \u201ctodav\u00eda estoy esperando respuestas de la ministra\u201d. \u201cMe he comunicado por la preocupaci\u00f3n de los equipos, con respecto al malestar que generan estas firmas, que pedimos se hagan con un proceso claro y transparente para garantizar derechos. Ni las organizaciones sindicales ni el Ejecutivo pueden discriminar a los trabajadores, est\u00e1n diciendo \u2018a esta lista firmalos, y a los dem\u00e1s que esperen\u2019\u201d, reclam\u00f3, y agreg\u00f3 que \u201cya sali\u00f3 la primera resoluci\u00f3n que firm\u00f3 la ministra dice acuerdo de partes con un s\u00f3lo gremio (UPCP). La n\u00f3mina que presentaron ellos, de 45 personas\u201d.<br \/>\nPor otro lado, se refiri\u00f3 al \u201cproceso de regularizaci\u00f3n laboral que estamos debatiendo hace algunos d\u00edas\u201d, e indic\u00f3 que \u201cse est\u00e1n diciendo muchas cosas\u201d. \u201cLos compa\u00f1eros est\u00e1n preparando carpetas para concursos, y como organizaci\u00f3n sindical no fuimos llamados para ver cu\u00e1ndo empezar\u00eda el proceso. Queremos saber porqu\u00e9 se est\u00e1 pidiendo documentaci\u00f3n a precarizados sin tener claro un proceso de regularizaci\u00f3n laboral\u201d, plante\u00f3, y concluy\u00f3 que \u201cle rogamos que no se hagan ingresos por lista, que es lo que hoy nos est\u00e1 preocupando\u201d.<\/p>\n","protected":false},"excerpt":{"rendered":"<p>La secretaria General de Uni\u00f3n Personal Civil de la Naci\u00f3n (UPCN), Perla Portal, expres\u00f3 el pedido gremial contra el Ministerio de Salud P\u00fablica que conduce Carolina Centeno por el otorgamiento de bonificaciones a trabajadores profesionales de toda la provincia, los cuales tendr\u00edan una decisi\u00f3n irregular, seg\u00fan entiende la referente sindical. \u201cEstamos hablando de una bonificaci\u00f3n [&hellip;]<\/p>\n","protected":false},"author":1,"featured_media":21368,"comment_status":"closed","ping_status":"closed","sticky":false,"template":"","format":"standard","meta":{"footnotes":""},"categories":[6],"tags":[],"class_list":{"0":"post-21367","1":"post","2":"type-post","3":"status-publish","4":"format-standard","5":"has-post-thumbnail","7":"category-chaco"},"_links":{"self":[{"href":"https:\/\/chacosintesis.com.ar\/index.php\/wp-json\/wp\/v2\/posts\/21367","targetHints":{"allow":["GET"]}}],"collection":[{"href":"https:\/\/chacosintesis.com.ar\/index.php\/wp-json\/wp\/v2\/posts"}],"about":[{"href":"https:\/\/chacosintesis.com.ar\/index.php\/wp-json\/wp\/v2\/types\/post"}],"author":[{"embeddable":true,"href":"https:\/\/chacosintesis.com.ar\/index.php\/wp-json\/wp\/v2\/users\/1"}],"replies":[{"embeddable":true,"href":"https:\/\/chacosintesis.com.ar\/index.php\/wp-json\/wp\/v2\/comments?post=21367"}],"version-history":[{"count":0,"href":"https:\/\/chacosintesis.com.ar\/index.php\/wp-json\/wp\/v2\/posts\/21367\/revisions"}],"wp:featuredmedia":[{"embeddable":true,"href":"https:\/\/chacosintesis.com.ar\/index.php\/wp-json\/wp\/v2\/media\/21368"}],"wp:attachment":[{"href":"https:\/\/chacosintesis.com.ar\/index.php\/wp-json\/wp\/v2\/media?parent=21367"}],"wp:term":[{"taxonomy":"category","embeddable":true,"href":"https:\/\/chacosintesis.com.ar\/index.php\/wp-json\/wp\/v2\/categories?post=21367"},{"taxonomy":"post_tag","embeddable":true,"href":"https:\/\/chacosintesis.com.ar\/index.php\/wp-json\/wp\/v2\/tags?post=21367"}],"curies":[{"name":"wp","href":"https:\/\/api.w.org\/{rel}","templated":true}]}}