{"id":21363,"date":"2023-05-08T16:51:52","date_gmt":"2023-05-08T19:51:52","guid":{"rendered":"https:\/\/chacosintesis.com.ar\/?p=21363"},"modified":"2023-05-08T17:07:06","modified_gmt":"2023-05-08T20:07:06","slug":"chaco-participo-del-48o-congreso-de-agentes-de-viajes","status":"publish","type":"post","link":"https:\/\/chacosintesis.com.ar\/index.php\/chaco-participo-del-48o-congreso-de-agentes-de-viajes\/","title":{"rendered":"Chaco particip\u00f3 del 48\u00ba Congreso de Agentes de Viajes"},"content":{"rendered":"<p>La nueva edici\u00f3n del evento se realiz\u00f3 en Bariloche los d\u00edas 4 y 5 de mayo con el objetivo del fortalecimiento, la profesionalizaci\u00f3n y la capacitaci\u00f3n del sector tur\u00edstico.<br \/>\nLa 48\u00ba edici\u00f3n del Congreso de Agentes de Viajes, que se realiz\u00f3 en Bariloche durante los d\u00edas 4 y 5 de mayo, cont\u00f3 con la presencia del vicepresidente del Instituto de Turismo del Chaco, Mauro Flores, quien se mostr\u00f3 \u201cmuy feliz\u201d por uno de los temas que se trataron: el funcionamiento del Previaje. El encuentro, organizado por la Federaci\u00f3n Argentina de Asociaciones de Empresas de Viajes y Turismo (FAEVYT), estaba destinado a la profesionalizaci\u00f3n y capacitaci\u00f3n del sector.<br \/>\nEl vicepresidente del Instituto de Turismo dialog\u00f3 con Chaco TV y se mostr\u00f3 muy optimista por el evento. El funcionario hizo hincapi\u00e9 en que todos los referentes de la industria tur\u00edsticas se mostraron \u201cfelices\u201d por el funcionamiento del Previaje. \u201cEl 60% se vendi\u00f3 por agencias de viajes\u201d, coment\u00f3. Agreg\u00f3 que se generaron \u201cm\u00e1s de $222 mil de ingresos para todas las agencias\u201d.<br \/>\nAdem\u00e1s, tras afirmar nuevamente el gran consenso que hubo entre los 1.200 agentes de viajes, empresas o referentes de la industria que participaron del encuentro, se plante\u00f3 \u201ccon \u00e9nfasis\u201d que \u201cel Previaje llegue para quedarse\u201d, destacando sobre todo que ese proyecto debe mantenerse \u201cindependientemente del signo pol\u00edtico que gobierne los pr\u00f3ximos a\u00f1os\u201d.<br \/>\nSiguiendo por la misma l\u00ednea, Flores asegur\u00f3 que tanto para las personas \u201cque vienen con el bolsillo golpeado\u201d como para las agencias de turismo ha sido muy positivo. \u201cGenera la posibilidad de que todo aquel que intente hacer un viaje tenga la posibilidad recibir ese subsidio\u201d, destac\u00f3. En ese sentido, mencion\u00f3 que Salta fue la provincia m\u00e1s beneficiada y que Bariloche el destino tur\u00edstico m\u00e1s solicitado.<br \/>\n\u201cEn el pa\u00eds se est\u00e1 dando que hace 10 u 11 meses es crecimiento sostenido en turismo, lo que genera empleo\u201d, agreg\u00f3 Flores. En cuanto al Chaco, coment\u00f3 que la provincia recibir\u00e1 \u201cmucha gente por los beneficios del subsidio\u201d. Coment\u00f3 que la provincia \u201ctiene una importante demanda hotelera\u201d. Por ese motivo, mencion\u00f3 que durante el congreso dialog\u00f3 con diferentes funcionarios nacionales o directivos de empresas en busca de alg\u00fan \u201cbeneficio\u201d para la provincia.<br \/>\n\u201cTambi\u00e9n hablamos con cadenas hoteleras para tentarlos a invertir en la provincia porque hoy tiene muy buenos beneficios para empresas que se radiquen en Chaco\u201d, explic\u00f3 Flores, y agreg\u00f3 que \u201chay cadenas hoteleras que nos manifestaron que analizar\u00edan la posibilidad venir porque saben de esta alta demanda\u201d. Por \u00faltimo, si bien no quiso dar muchos detalles, coment\u00f3 que habr\u00e1 \u201cbuenas noticias\u201d para la provincia del Chaco con respecto a un acuerdo que se realizar\u00e1 con Aerol\u00edneas Argentinas.<\/p>\n","protected":false},"excerpt":{"rendered":"<p>La nueva edici\u00f3n del evento se realiz\u00f3 en Bariloche los d\u00edas 4 y 5 de mayo con el objetivo del fortalecimiento, la profesionalizaci\u00f3n y la capacitaci\u00f3n del sector tur\u00edstico. La 48\u00ba edici\u00f3n del Congreso de Agentes de Viajes, que se realiz\u00f3 en Bariloche durante los d\u00edas 4 y 5 de mayo, cont\u00f3 con la presencia [&hellip;]<\/p>\n","protected":false},"author":1,"featured_media":21364,"comment_status":"closed","ping_status":"closed","sticky":false,"template":"","format":"standard","meta":{"footnotes":""},"categories":[6],"tags":[],"class_list":{"0":"post-21363","1":"post","2":"type-post","3":"status-publish","4":"format-standard","5":"has-post-thumbnail","7":"category-chaco"},"_links":{"self":[{"href":"https:\/\/chacosintesis.com.ar\/index.php\/wp-json\/wp\/v2\/posts\/21363","targetHints":{"allow":["GET"]}}],"collection":[{"href":"https:\/\/chacosintesis.com.ar\/index.php\/wp-json\/wp\/v2\/posts"}],"about":[{"href":"https:\/\/chacosintesis.com.ar\/index.php\/wp-json\/wp\/v2\/types\/post"}],"author":[{"embeddable":true,"href":"https:\/\/chacosintesis.com.ar\/index.php\/wp-json\/wp\/v2\/users\/1"}],"replies":[{"embeddable":true,"href":"https:\/\/chacosintesis.com.ar\/index.php\/wp-json\/wp\/v2\/comments?post=21363"}],"version-history":[{"count":0,"href":"https:\/\/chacosintesis.com.ar\/index.php\/wp-json\/wp\/v2\/posts\/21363\/revisions"}],"wp:featuredmedia":[{"embeddable":true,"href":"https:\/\/chacosintesis.com.ar\/index.php\/wp-json\/wp\/v2\/media\/21364"}],"wp:attachment":[{"href":"https:\/\/chacosintesis.com.ar\/index.php\/wp-json\/wp\/v2\/media?parent=21363"}],"wp:term":[{"taxonomy":"category","embeddable":true,"href":"https:\/\/chacosintesis.com.ar\/index.php\/wp-json\/wp\/v2\/categories?post=21363"},{"taxonomy":"post_tag","embeddable":true,"href":"https:\/\/chacosintesis.com.ar\/index.php\/wp-json\/wp\/v2\/tags?post=21363"}],"curies":[{"name":"wp","href":"https:\/\/api.w.org\/{rel}","templated":true}]}}