{"id":21327,"date":"2023-05-06T16:13:24","date_gmt":"2023-05-06T19:13:24","guid":{"rendered":"https:\/\/chacosintesis.com.ar\/?p=21327"},"modified":"2023-05-06T16:36:43","modified_gmt":"2023-05-06T19:36:43","slug":"fortalecimiento-a-la-industria-productiva-podemos-hacer-del-chaco-una-puerta-de-entrada-al-mundo-dijo-capitanich","status":"publish","type":"post","link":"https:\/\/chacosintesis.com.ar\/index.php\/fortalecimiento-a-la-industria-productiva-podemos-hacer-del-chaco-una-puerta-de-entrada-al-mundo-dijo-capitanich\/","title":{"rendered":"Fortalecimiento a la industria productiva: \u201cPodemos hacer del Chaco una puerta de entrada al mundo\u201d, dijo Capitanich"},"content":{"rendered":"<p>En Puerto Tirol, el gobernador acompa\u00f1\u00f3 la inauguraci\u00f3n de la tercera etapa de la planta para seguir reforzando el desarrollo productivo con una mirada exportadora.<br \/>\nDesde la localidad de Puerto Tirol, el gobernador Jorge Capitanich acompa\u00f1\u00f3 la inauguraci\u00f3n de la tercera etapa de la planta de la empresa Insuga Chaco S.A, dedicada a la transformaci\u00f3n de materia cruda y desperdicios de frigor\u00edficos e industria c\u00e1rnica en material aprovechable para elaboraci\u00f3n de productos como harinas, sebos industriales, grasas bovinas y alimentos para mascotas.<br \/>\nAl respecto, el gobernador se\u00f1al\u00f3 que Insuga se trata de \u201cun proyecto de desarrollo industrial que desde la hora cero ha generado 50 empleos, que efectivamente ser\u00e1n cerca de 100 con la expansi\u00f3n en forma sistem\u00e1tica\u201d, y explic\u00f3 que \u201ceso significa pasar de 1.300 metros cuadrados a 3.000 metros cuadrados, en una superficie que a su vez implica para el Parque Industrial, con todos los emprendimientos industriales, cerca de 2.000 empleos privados formales en 2023, r\u00e9cord hist\u00f3rico para Puerto Tirol\u201d.<br \/>\nEn ese sentido, indic\u00f3 que hoy la empresa exporta el 80% de la grasa no combustible a distintos destinos del mundo, generando una proyecci\u00f3n de casi $5 millones de d\u00f3lares en exportaciones con sus tres plantas en el pa\u00eds, lo cual consider\u00f3 que \u201cnos llena de orgullo, porque significa emprendimientos de distintas caracter\u00edsticas que constituyen historias de \u00e9xito\u201d. \u201cPodemos hacer de la provincia del Chaco una puerta de entrada al mundo, ese es el gran compromiso que queremos hacer en los pr\u00f3ximos 4 a\u00f1os, una provincia con penetraci\u00f3n en el mundo\u201d, agreg\u00f3.<br \/>\n\u201cNosotros hemos crecido  de 7.000 a 12.000 d\u00f3lares pr\u00e1cticamente el ingreso por habitante anualizado en la provincia durante nuestras administraciones. Eso es muy bueno, pero debemos multiplicarla por 2, por 3, por 4, en forma progresiva\u201d, plante\u00f3, y precis\u00f3 que hoy \u201cChaco es l\u00edder en la regi\u00f3n del Nordeste Argentino en exportaciones con m\u00e1s de $500 millones de d\u00f3lares de registro\u201d. \u201cLa provincia lidera las exportaciones, ha generado una fuerte reducci\u00f3n de la tasa de desempleo, lidera la generaci\u00f3n de empleo privado formal de la Rep\u00fablica Argentina, de las provincias del Norte Grande, y no tenemos miner\u00eda, no tenemos hidrocarburos, tenemos una matriz productiva que la potenciamos con emprendedores, con empresarios y con trabajadores abnegados que todos los d\u00edas trabajan, empresarios que invierten y Estado que acompa\u00f1a\u201d, remarc\u00f3.<br \/>\nPara finalizar, Capitanich insisti\u00f3 en que \u201ctenemos toda la plataforma de ensanchamiento de los parques industriales para llegar a mil hect\u00e1reas, como el fortalecimiento de la infraestructura social b\u00e1sica, y se\u00f1al\u00f3 que \u201cestamos en un nodo log\u00edstico que es estrat\u00e9gico en la Rep\u00fablica Argentina y en Sudam\u00e9rica, y por eso tenemos una base para el desarrollo de una plataforma que implica m\u00e1s comercio exterior y m\u00e1s oportunidades de generaci\u00f3n de inversiones y de empleo\u201d.<\/p>\n","protected":false},"excerpt":{"rendered":"<p>En Puerto Tirol, el gobernador acompa\u00f1\u00f3 la inauguraci\u00f3n de la tercera etapa de la planta para seguir reforzando el desarrollo productivo con una mirada exportadora. Desde la localidad de Puerto Tirol, el gobernador Jorge Capitanich acompa\u00f1\u00f3 la inauguraci\u00f3n de la tercera etapa de la planta de la empresa Insuga Chaco S.A, dedicada a la transformaci\u00f3n [&hellip;]<\/p>\n","protected":false},"author":1,"featured_media":21328,"comment_status":"closed","ping_status":"closed","sticky":false,"template":"","format":"standard","meta":{"footnotes":""},"categories":[6],"tags":[],"class_list":{"0":"post-21327","1":"post","2":"type-post","3":"status-publish","4":"format-standard","5":"has-post-thumbnail","7":"category-chaco"},"_links":{"self":[{"href":"https:\/\/chacosintesis.com.ar\/index.php\/wp-json\/wp\/v2\/posts\/21327","targetHints":{"allow":["GET"]}}],"collection":[{"href":"https:\/\/chacosintesis.com.ar\/index.php\/wp-json\/wp\/v2\/posts"}],"about":[{"href":"https:\/\/chacosintesis.com.ar\/index.php\/wp-json\/wp\/v2\/types\/post"}],"author":[{"embeddable":true,"href":"https:\/\/chacosintesis.com.ar\/index.php\/wp-json\/wp\/v2\/users\/1"}],"replies":[{"embeddable":true,"href":"https:\/\/chacosintesis.com.ar\/index.php\/wp-json\/wp\/v2\/comments?post=21327"}],"version-history":[{"count":0,"href":"https:\/\/chacosintesis.com.ar\/index.php\/wp-json\/wp\/v2\/posts\/21327\/revisions"}],"wp:featuredmedia":[{"embeddable":true,"href":"https:\/\/chacosintesis.com.ar\/index.php\/wp-json\/wp\/v2\/media\/21328"}],"wp:attachment":[{"href":"https:\/\/chacosintesis.com.ar\/index.php\/wp-json\/wp\/v2\/media?parent=21327"}],"wp:term":[{"taxonomy":"category","embeddable":true,"href":"https:\/\/chacosintesis.com.ar\/index.php\/wp-json\/wp\/v2\/categories?post=21327"},{"taxonomy":"post_tag","embeddable":true,"href":"https:\/\/chacosintesis.com.ar\/index.php\/wp-json\/wp\/v2\/tags?post=21327"}],"curies":[{"name":"wp","href":"https:\/\/api.w.org\/{rel}","templated":true}]}}