{"id":21326,"date":"2023-05-06T16:11:37","date_gmt":"2023-05-06T19:11:37","guid":{"rendered":"https:\/\/chacosintesis.com.ar\/?p=21326"},"modified":"2023-05-06T16:36:42","modified_gmt":"2023-05-06T19:36:42","slug":"disponen-capacitaciones-gratuitas-para-sumar-productores-de-nuez-de-pecan","status":"publish","type":"post","link":"https:\/\/chacosintesis.com.ar\/index.php\/disponen-capacitaciones-gratuitas-para-sumar-productores-de-nuez-de-pecan\/","title":{"rendered":"Disponen capacitaciones gratuitas para sumar productores de nuez de pec\u00e1n"},"content":{"rendered":"<p>El Ministerio de Producci\u00f3n, Industria y Empleo dispuso la puesta en marcha un ciclo de capacitaciones gratuitas como metodolog\u00eda de incentivo para sumar productores de nuez pec\u00e1n en el Chaco.<br \/>\nLa primera de las jornadas formativas tendr\u00e1 lugar este mi\u00e9rcoles 10 de mayo en el Inta de Colonia Ben\u00edtez; en tanto que le seguir\u00e1n id\u00e9nticas instancias en Hermoso Campo y General San Mart\u00edn, en fechas a confirmar.<br \/>\nLa nuez pec\u00e1n (Carya illinoinensis) -originaria de las regiones centro sur y sureste de los Estados Unidos y de los valles de los principales r\u00edos del norte y centro de M\u00e9xico- es un cultivo se presenta como alternativa de manejo un sistema silvopastoril con actividades intercalares como ganader\u00eda, horticultura y apicultura.<br \/>\nEntre sus facilidades para la producci\u00f3n implica poco mantenimiento y bajos requerimientos laborales; y al tratarse de un fruto no perecedero permite manejar tiempos de cosecha y acopio lo cual beneficia a su comercializaci\u00f3n.<br \/>\nActualmente, el gobierno provincial trabaja en convenio con el Consejo Federal de Inversiones (CFI) en un programa de financiamiento para productores de nuez pec\u00e1n integrada con ganader\u00eda, que apunta a desarrollar ese sector de enorme potencial en el Chaco.<br \/>\nEn el caso del esquema de capacitaciones el objetivo es incentivar y llamar la atenci\u00f3n de futuros productores para que conozcan de primera mano las opciones de este cultivo.<br \/>\nLa nuez pec\u00e1n es, para el \u00e1mbito provincial, un producto de grandes potenciales que genera demanda tanto a nivel nacional como internacional.<br \/>\nLa subsecretaria de Agricultura, Flavia Francescutti, destac\u00f3 el acuerdo con el CFI y dijo que adem\u00e1s de disponer de financiamiento directo para la producci\u00f3n tambi\u00e9n ofrece este ciclo de capacitaciones.<br \/>\n\u201cEl cultivo de nuez pec\u00e1n permite un manejo silvopastoril; es una propuesta direccionada para los productores ganaderos, con bajo mantenimiento y m\u00ednimo requerimiento de mano de obra\u201d, explic\u00f3.<br \/>\n\u201cEl fruto obtenido es no perecedero y permite al productor manejar los tiempos de cosecha y acopio, lo cual beneficia su comercializaci\u00f3n\u201d, remarc\u00f3 Francescutti.<br \/>\nLa funcionaria dijo que el programa del Gobierno apunta al desarrollo de microcuencas de producci\u00f3n a trav\u00e9s de la asistencia directa que incluye capacitaci\u00f3n t\u00e9cnica y financiamiento mediante herramientas de fondeo de negocios.<br \/>\n\u201cEl objetivo es acompa\u00f1ar a peque\u00f1os productores durante una primera etapa, dot\u00e1ndolos de una visi\u00f3n novedosa y una mejor perspectiva en materia agropecuaria promoviendo en paralelo la diversificaci\u00f3n productiva a trav\u00e9s de la incorporaci\u00f3n de una especie de largo plazo\u201d, agreg\u00f3.<br \/>\nObjetivo: incrementar la producci\u00f3n<br \/>\nEl Programa de Promoci\u00f3n a la Producci\u00f3n de Nuez Pec\u00e1n con Ganader\u00eda Integrada, impulsado por el Gobierno del Chaco y el CFI, otorga asistencia financiera a productores interesados en el desarrollo de este cultivo.<br \/>\nEl fondeo estar\u00e1 destinado a la adquisici\u00f3n de plantines, su implantaci\u00f3n y las inversiones correspondientes a riego y fertilizaci\u00f3n asociadas.<br \/>\nEl programa est\u00e1 dirigido a productores que quieran diversificarse en cuanto a cultivos y que posean disponibilidad de una a cinco hect\u00e1reas para implantaci\u00f3n de nuez pec\u00e1n y acceso a una fuente de agua para instalaci\u00f3n del riego.<br \/>\nLa asistencia financiera, que va de $1,5 millones a $10 millones por establecimiento, est\u00e1 destinada a la adquisici\u00f3n de plantines, su implantaci\u00f3n y las inversiones necesarias correspondientes a riego.<\/p>\n","protected":false},"excerpt":{"rendered":"<p>El Ministerio de Producci\u00f3n, Industria y Empleo dispuso la puesta en marcha un ciclo de capacitaciones gratuitas como metodolog\u00eda de incentivo para sumar productores de nuez pec\u00e1n en el Chaco. La primera de las jornadas formativas tendr\u00e1 lugar este mi\u00e9rcoles 10 de mayo en el Inta de Colonia Ben\u00edtez; en tanto que le seguir\u00e1n id\u00e9nticas [&hellip;]<\/p>\n","protected":false},"author":1,"featured_media":0,"comment_status":"closed","ping_status":"closed","sticky":false,"template":"","format":"standard","meta":{"footnotes":""},"categories":[6],"tags":[],"class_list":{"0":"post-21326","1":"post","2":"type-post","3":"status-publish","4":"format-standard","6":"category-chaco"},"_links":{"self":[{"href":"https:\/\/chacosintesis.com.ar\/index.php\/wp-json\/wp\/v2\/posts\/21326","targetHints":{"allow":["GET"]}}],"collection":[{"href":"https:\/\/chacosintesis.com.ar\/index.php\/wp-json\/wp\/v2\/posts"}],"about":[{"href":"https:\/\/chacosintesis.com.ar\/index.php\/wp-json\/wp\/v2\/types\/post"}],"author":[{"embeddable":true,"href":"https:\/\/chacosintesis.com.ar\/index.php\/wp-json\/wp\/v2\/users\/1"}],"replies":[{"embeddable":true,"href":"https:\/\/chacosintesis.com.ar\/index.php\/wp-json\/wp\/v2\/comments?post=21326"}],"version-history":[{"count":0,"href":"https:\/\/chacosintesis.com.ar\/index.php\/wp-json\/wp\/v2\/posts\/21326\/revisions"}],"wp:attachment":[{"href":"https:\/\/chacosintesis.com.ar\/index.php\/wp-json\/wp\/v2\/media?parent=21326"}],"wp:term":[{"taxonomy":"category","embeddable":true,"href":"https:\/\/chacosintesis.com.ar\/index.php\/wp-json\/wp\/v2\/categories?post=21326"},{"taxonomy":"post_tag","embeddable":true,"href":"https:\/\/chacosintesis.com.ar\/index.php\/wp-json\/wp\/v2\/tags?post=21326"}],"curies":[{"name":"wp","href":"https:\/\/api.w.org\/{rel}","templated":true}]}}