{"id":21324,"date":"2023-05-06T16:09:53","date_gmt":"2023-05-06T19:09:53","guid":{"rendered":"https:\/\/chacosintesis.com.ar\/?p=21324"},"modified":"2023-05-06T16:36:42","modified_gmt":"2023-05-06T19:36:42","slug":"exitoso-cierre-del-primer-encuentro-apicola-federal-realizado-en-la-provincia","status":"publish","type":"post","link":"https:\/\/chacosintesis.com.ar\/index.php\/exitoso-cierre-del-primer-encuentro-apicola-federal-realizado-en-la-provincia\/","title":{"rendered":"Exitoso cierre del Primer Encuentro Ap\u00edcola Federal realizado en la provincia"},"content":{"rendered":"<p>El evento se realiz\u00f3 el 4 y 5 de mayo, en el Centro de Convenciones de Resistencia, proponiendo un espacio de encuentro, formaci\u00f3n e intercambio de experiencias entre los actores nacionales e internacionales del sector ap\u00edcola. La apertura cont\u00f3 con la presencia del Gobernador Capitanich.<br \/>\nCon la presencia de m\u00e1s de 450 productores de 19 provincias, con gran \u00e9xito, se llev\u00f3 a cabo en la provincia, el Primer Encuentro Ap\u00edcola Federal. El evento, realizado este 4 y 5 de mayo, en el Centro de Convenciones de Resistencia, fue llevado a cabo por el Gobierno provincial a trav\u00e9s de los Ministerios de Ambiente y Desarrollo Sostenible; y de Producci\u00f3n, Industria y Empleo, junto al Consejo Federal de Inversiones (CFI) y entidades y organismos del sector ap\u00edcola.<br \/>\nEl objetivo del encuentro fue promover el desarrollo de sectores productivos claves en las provincias argentinas, a trav\u00e9s de la coordinaci\u00f3n de acciones y eventos estrat\u00e9gicos, proponiendo un espacio de encuentro, formaci\u00f3n e intercambio de experiencias entre los actores nacionales e internacionales del sector ap\u00edcola.<br \/>\nEn la capital chaque\u00f1a, se congregaron representantes del sector ap\u00edcola de 18 provincias argentinas, productores, empresarios y operadores comerciales nacionales e internacionales.<br \/>\n\u201cEste evento fue el punto de encuentro para la conformaci\u00f3n de un espacio de debate e intercambio de informaci\u00f3n y conocimiento, permitiendo posicionar al Chaco como una de las provincias que lleva adelante pol\u00edticas ambientales y productivas, con enfoque en la sostenibilidad del territorio, en el marco del cumplimiento de los Objetivos de Desarrollo Sostenible\u201d, expres\u00f3 la ministra de Ambiente y Desarrollo Territorial Sostenible Marta Soneira.<br \/>\nParticiparon m\u00e1s de 300 productores de la provincia del Chaco y m\u00e1s de 150 productores de 18 provincias del pa\u00eds (Buenos Aires, Catamarca, C\u00f3rdoba, Chubut, Entre R\u00edos, Formosa, Jujuy, La Pampa, La Rioja, Mendoza, Misiones, Neuqu\u00e9n, R\u00edo Negro, Salta, San Juan, Santa Cruz, Santa Fe y Tucum\u00e1n); t\u00e9cnicos y productores de pa\u00edses vecinos, como as\u00ed tambi\u00e9n 26 expositores proveedores de tecnolog\u00eda, materiales, insumos y productos.<br \/>\nEl mi\u00e9rcoles 3 de mayo, las empresas y los operadores internacionales que llegaron a Resistencia, visitaron la Planta de Acopio, Homogeneizado y fraccionadora \u201cGr\u00faa San Blas\u201d en S\u00e1enz Pe\u00f1a. En tanto que los productores y referentes de otras provincias visitaron la sala de extracci\u00f3n y fraccionamiento de Copap en Margarita Bel\u00e9n.<br \/>\nRondas de negocios<br \/>\nSe llevaron adelante dos rondas de negocios, una con empresas nacionales y otra con operadores internacionales, entre los cuales se contaban los siguientes representantes: Cynthia Scimeca Booth (Estados Unidos), Omar Haffar (Emiratos \u00c1rabes Unidos), Marek Mojsa (Estados Unidos), Cristian Fernando Porris (Colombia), Mengchen Cao (China), Franz L\u00f3pez Paredes (Bolivia) y Lucas Andersen, Pablo Chipulina, Jerem\u00edas Ratcliffe, Carla Varela Policella y Manque Su\u00e1rez Contarelli (todos de la Argentina).<br \/>\nDurante la jornada del d\u00eda 4 de mayo, en el Primer Encuentro Ap\u00edcola Federal se abordaron los siguientes temas:<br \/>\nLas Potencialidades del Gran Chaco Sudamericano y Norte Grande: Marta Soneira, ministra de Ambiente y Desarrollo Territorial Sostenible; Sebasti\u00e1n Lifton, ministro de Producci\u00f3n, Industria y Empleo; Teresa Oyhamburu, directora de Programas del CFI; Enrique Bedascarrasbure, representante del Fondo Regional de Tecnolog\u00eda Agropecuaria (FONTAGRO), Pablo Chipulina, director del Plan Ap\u00edcola del Chaco (PANCH) , y Alejandra Palacio del INTA PROAPI.<br \/>\nCadena de valor local y global: Bruno Forchieri, CEO de Miel Nativa S.A.S; entrevista a Norberto Garc\u00eda Girou, de NEXCO S.A, sobre la situaci\u00f3n del mercado internacional de la miel. Por su parte, Etienne Bruneau, presidente de la Comisi\u00f3n Cient\u00edfica sobre Calidad y Tecnolog\u00eda de Apimondia, expuso de manera virtual sobre la trazabilidad, inocuidad y calidad de las mieles.<br \/>\nExperiencias comerciales: Alexis Rodr\u00edguez, Coordinador Ap\u00edcola Nacional, con la participaci\u00f3n de Guido Sald\u00edas de Ap\u00edcola Nativa (Bolivia), Ren\u00e9 Sayago, de Copsol, Carlos Levin de CAFRAM S.A. y V\u00edctor Rusas, de INTA<br \/>\nInnovaci\u00f3n tecnol\u00f3gica: Carlos Vidal, coordinador del convenio IICA-INTA Red Interamericana AgTech; entrevista a Cristian Meyer, de BeeFlow; M\u00f3nica Herrera, de Beewaze; y Mar\u00eda del Carmen Garc\u00eda, de Beemore.<br \/>\nInnovaci\u00f3n organizacional y del conocimiento: Gladys Schaab, de PACH; moder\u00f3 una conversaci\u00f3n entre Pedro Landa, de la Organizaci\u00f3n Internacional Agropecuaria (OIA); Lucas Andersen, de Argenmieles; y Gabriel G\u00f3mez y Meredith Machado Cardoso, de Cooperativa Ap\u00edcola Pampero (provincia de Buenos Aires).<br \/>\nModelos de integraci\u00f3n vertical. Caso exitoso Ap\u00edcola Vairolatti y BaeVal: Mar\u00eda Soledad, Gabriel y Fernando Vairolatti.<br \/>\nCambio Clim\u00e1tico: Marcelo P\u00e9rez, coordinador ap\u00edcola del CFI; entrevista a Andrea Aignasse, del INTA, sobre el impacto del cambio clim\u00e1tico en la agricultura y el sector ap\u00edcola.<br \/>\nConclusiones de la jornada t\u00e9cnica: Marta Soneira, ministra de Ambiente y Desarrollo Territorial Sostenible; Sebasti\u00e1n Lifton, ministro de Producci\u00f3n, Industria y Empleo; Mar\u00eda Teresa Oyhamburu, directora de Programas del CFI; Bruno Forchieri,CEO de Miel Nativa S.A.S.; Carlos Vidal, coordinador del convenio IICA-INTA Red Interamericana AgTech, y Marcelo P\u00e9rez, coordinador ap\u00edcola del CFI. En tanto que durante la jornada del 5 de mayo, se trataron las siguientes tem\u00e1ticas:<br \/>\nApi &#8211; Expo: Exposici\u00f3n de productos y servicios por provincias y regiones, destinados a la venta y comercializaci\u00f3n.<br \/>\nRondas de negocios nacional orientada a la regi\u00f3n: Para miel fraccionada, supermercados, tiendas delicatessen, etc.<br \/>\nSesi\u00f3n del Consejo Nacional Ap\u00edcola. Buscamos posicionar a la provincia como un polo ap\u00edcola innovador, en lo que respecta a caracterizaci\u00f3n y diversificaci\u00f3n de mieles org\u00e1nicas del Impenetrable Chaque\u00f1o, considerando las exigencias de los mercados internacionales se est\u00e1 trabajando en el \u00e1rea del Impenetrable Chaque\u00f1o, ya que cuenta con un potencial de expansi\u00f3n para la apicultura org\u00e1nica que permitir\u00e1 en un corto plazo convertirse en un importante polo productivo de miel org\u00e1nica a nivel nacional y con calidad de exportaci\u00f3n, posicionando a la provincia actualmente como el principal productor de miel org\u00e1nica de Argentina\u201d, celebr\u00f3 la ministra Soneira.<br \/>\nEl Consejo Federal de Inversiones y la Secretar\u00eda de Agricultura<br \/>\nAl respecto, el secretario General del CFI, Ignacio Lamothe, agradeci\u00f3 a las autoridades provinciales por hacer posible la realizaci\u00f3n del primer Encuentro Federal Ap\u00edcola. \u201cTuve la oportunidad de ver una iniciativa que impulsa la producci\u00f3n ap\u00edcola chaque\u00f1a, que es un proceso muy interesante para el desarrollo\u201d, agradeciendo a su vez a las autoridades provinciales, encabezadas por el gobernador Jorge Capitanich y la ministra Marta Soneira que respaldaron este encuentro desde el primer momento; fue un muy buen primer paso para los pr\u00f3ximos que se van a dar\u201d, manifest\u00f3.<br \/>\nAsimismo, desde la Secretar\u00eda de Agricultura de la Naci\u00f3n, consideraron que \u201ces hist\u00f3rico haber celebrado este Encuentro Ap\u00edcola Federal junto al CFI y el Gobierno provincial anfitri\u00f3n, donde conocimos la estructura y todas las fuerzas de esta provincia, pudiendo ver que en el Chaco se aprovecha todos los recursos y potencial con el que cuenta\u201d.<\/p>\n","protected":false},"excerpt":{"rendered":"<p>El evento se realiz\u00f3 el 4 y 5 de mayo, en el Centro de Convenciones de Resistencia, proponiendo un espacio de encuentro, formaci\u00f3n e intercambio de experiencias entre los actores nacionales e internacionales del sector ap\u00edcola. La apertura cont\u00f3 con la presencia del Gobernador Capitanich. Con la presencia de m\u00e1s de 450 productores de 19 [&hellip;]<\/p>\n","protected":false},"author":1,"featured_media":21325,"comment_status":"closed","ping_status":"closed","sticky":false,"template":"","format":"standard","meta":{"footnotes":""},"categories":[6],"tags":[],"class_list":{"0":"post-21324","1":"post","2":"type-post","3":"status-publish","4":"format-standard","5":"has-post-thumbnail","7":"category-chaco"},"_links":{"self":[{"href":"https:\/\/chacosintesis.com.ar\/index.php\/wp-json\/wp\/v2\/posts\/21324","targetHints":{"allow":["GET"]}}],"collection":[{"href":"https:\/\/chacosintesis.com.ar\/index.php\/wp-json\/wp\/v2\/posts"}],"about":[{"href":"https:\/\/chacosintesis.com.ar\/index.php\/wp-json\/wp\/v2\/types\/post"}],"author":[{"embeddable":true,"href":"https:\/\/chacosintesis.com.ar\/index.php\/wp-json\/wp\/v2\/users\/1"}],"replies":[{"embeddable":true,"href":"https:\/\/chacosintesis.com.ar\/index.php\/wp-json\/wp\/v2\/comments?post=21324"}],"version-history":[{"count":0,"href":"https:\/\/chacosintesis.com.ar\/index.php\/wp-json\/wp\/v2\/posts\/21324\/revisions"}],"wp:featuredmedia":[{"embeddable":true,"href":"https:\/\/chacosintesis.com.ar\/index.php\/wp-json\/wp\/v2\/media\/21325"}],"wp:attachment":[{"href":"https:\/\/chacosintesis.com.ar\/index.php\/wp-json\/wp\/v2\/media?parent=21324"}],"wp:term":[{"taxonomy":"category","embeddable":true,"href":"https:\/\/chacosintesis.com.ar\/index.php\/wp-json\/wp\/v2\/categories?post=21324"},{"taxonomy":"post_tag","embeddable":true,"href":"https:\/\/chacosintesis.com.ar\/index.php\/wp-json\/wp\/v2\/tags?post=21324"}],"curies":[{"name":"wp","href":"https:\/\/api.w.org\/{rel}","templated":true}]}}